{"id":36211,"date":"2017-05-25T23:00:05","date_gmt":"2017-05-26T04:00:05","guid":{"rendered":"http:\/\/www.texbiker.net\/blog\/?p=36211"},"modified":"2017-05-25T23:00:05","modified_gmt":"2017-05-26T04:00:05","slug":"texas-bicycling-news-may-25th-2017","status":"publish","type":"post","link":"https:\/\/www.texbiker.net\/blog\/2017\/05\/25\/texas-bicycling-news-may-25th-2017\/","title":{"rendered":"Texas Bicycling News May 25th 2017"},"content":{"rendered":"<h2><a href=\"http:\/\/www.caller.com\/story\/news\/local\/2017\/05\/25\/conquer-coast-offers-incomparable-view\/102146140\/\">Conquer the Coast offers incomparable view<\/a><\/h2>\n<h3>Colby Farr | www.caller.com<\/h3>\n<p><img data-recalc-dims=\"1\" loading=\"lazy\" decoding=\"async\" class=\"alignnone size-full\" src=\"https:\/\/i0.wp.com\/www.gannett-cdn.com\/-mm-\/ef222cc0e9e393703319f6dc49b8b4389e29f7f2\/c%3D117-0-1931-1364%26r%3Dx404%26c%3D534x401\/local\/-\/media\/2017\/05\/25\/TXGroup\/CorpusChristi\/636313243203688619-CTC-Bridge.jpg?resize=534%2C401&#038;ssl=1\" width=\"534\" height=\"401\" \/><br \/>\nBike riders will get to see the bayfront from their seats this September during the 14th annual Conquer the Coast.<br \/>\nConquer the Coast features up to 65 miles of bayfront scenery with riders starting at Corpus Christi&#8217;s North Bayfront Park to travel around the bay before ending at the same park. There will be eight rest stops throughout the ride that &#8230;<\/p>\n<hr \/>\n<h2><a href=\"http:\/\/maverickchaingang.org\/\">Saturday Ride Schedule<\/a><\/h2>\n<h3>Maverick Chain Gang | maverickchaingang.org<\/h3>\n<p>June 10, 2017<br \/>\nLake Cherokee &#8211; 35 miles<br \/>\nMeet at: East Texas Regional Airport, 269 Terminal Circle, Longview TX &#8211; 8:00 a.m.<br \/>\nJune 17, 2017<br \/>\nPirkey Lake &#8211; West &#8211; 34.7 miles<br \/>\nMeet at: First Baptist Church, 405 W Austin St, Marshall, TX &#8211; 8:00 a.m.<\/p>\n<hr \/>\n<div class=\"fb-post\" data-href=\"https:\/\/www.facebook.com\/BikeFriendlyCedars\/posts\/1515609308512397\" data-width=\"552\"><\/div>\n<hr \/>\n<style type=\"text\/css\">#meetup_oembed .mu_clearfix:after { visibility: hidden; display: block; font-size: 0; content: \" \"; clear: both; height: 0; }* html #meetup_oembed .mu_clearfix, *:first-child+html #meetup_oembed .mu_clearfix { zoom: 1; }#meetup_oembed { background:#eee;border:1px solid #ccc;padding:10px;-moz-border-radius:3px;-webkit-border-radius:3px;border-radius:3px;margin:0; font-family: 'Helvetica Neue', Helvetica, Arial, sans-serif; font-size: 12px; }#meetup_oembed h3 { font-weight:normal; margin:0 0 10px; padding:0; line-height:26px; font-family:Georgia,Palatino,serif; font-size:24px }#meetup_oembed p { margin: 0 0 10px; padding:0; line-height:16px; }#meetup_oembed img { border:none; margin:0; padding:0; }#meetup_oembed a, #meetup_oembed a:visited, #meetup_oembed a:link { color: #1B76B3; text-decoration: none; cursor: hand; cursor: pointer; }#meetup_oembed a:hover { color: #1B76B3; text-decoration: underline; }#meetup_oembed a.mu_button { font-size:14px; -moz-border-radius:3px;-webkit-border-radius:3px;border-radius:3px;border:2px solid #A7241D;color:white!important;text-decoration:none;background-color: #CA3E47; background-image: -moz-linear-gradient(top, #ca3e47, #a8252e); background-image: -webkit-gradient(linear, left bottom, left top, color-stop(0, #a8252e), color-stop(1, #ca3e47));disvplay:inline-block;padding:5px 10px; }#meetup_oembed a.mu_button:hover { color: #fff!important; text-decoration: none; }#meetup_oembed .photo { width:50px; height:50px; overflow:hidden;background:#ccc;float:left;margin:0 5px 0 0;text-align:center;padding:1px; }#meetup_oembed .photo img { height:50px }#meetup_oembed .number { font-size:18px; }#meetup_oembed .thing { text-transform: uppercase; color: #555; }<\/style>\n<div id=\"meetup_oembed\" style=\"height:270px\">\n<div style=\"max-height:230px;overflow:hidden\">\n<h3>Pre and Post Tour de Taco Ride<\/h3>\n<p style=\"margin:5px 0;font-size:16px\">Friday, Jun 2, 2017,  5:45 PM<\/p>\n<p style=\"margin: 0 0 5px;\"><span style=\"font-size:14px\">T C Jester Park<\/span><br \/><span style=\"font-size:12px;\">4201 W T C Jester Blvd Houston, TX<\/span><\/p>\n<p>          <span style=\"color:#4F8A10;font-size:16px;\">3 cyclists Went<\/span>           <\/p>\n<div style=\"margin:5px 0 10px\" class=\"mu_clearfix\">\n<div class=\"photo\"><img data-recalc-dims=\"1\" decoding=\"async\" src=\"https:\/\/i0.wp.com\/secure.meetupstatic.com\/photos\/member\/1\/a\/9\/3\/thumb_256026803.jpeg?w=1200&#038;ssl=1\" \/><\/div>\n<div class=\"photo\"><img data-recalc-dims=\"1\" decoding=\"async\" src=\"https:\/\/i0.wp.com\/secure.meetupstatic.com\/photos\/member\/a\/0\/e\/3\/thumb_248801187.jpeg?w=1200&#038;ssl=1\" \/><\/div>\n<div class=\"photo\"><img data-recalc-dims=\"1\" decoding=\"async\" src=\"https:\/\/i0.wp.com\/secure.meetupstatic.com\/photos\/member\/6\/2\/7\/b\/thumb_267265211.jpeg?w=1200&#038;ssl=1\" \/><\/div>\n<\/p><\/div>\n<p style=\"line-height:16px\">We will start at T C Jester Park and ride to Market Square Park downtown.\u00c2\u00a0\u00c2\u00a0 We will leave no later than 6PM.  We will take the White Oak\/Bayou Greenway trails to get to Market Square Park downtown. The pace will be 12-15mph.\u00c2\u00a0 If you cannot keep up, you will be dropped. I need to be at Market Square Park 6:45ish.\u00c2\u00a0 We will ride in the Tour de Taco ri&#8230;<\/p>\n<\/p><\/div>\n<p style=\"margin:10px 0 0;\"><a href=\"https:\/\/www.meetup.com\/82bb2ca3-1074-43fa-8b06-a2e5313acad9\/events\/240257624\/\" target=\"_blank\" class=\"mu_button\"><strong>Check out this Meetup &rarr;<\/strong><\/a><\/p>\n<\/div>\n<hr \/>\n<h2><a href=\"http:\/\/kxan.com\/2017\/05\/24\/fight-climate-change-ride-a-bike\/\">Fight Climate Change \u00e2\u20ac\u201c Ride a Bike!<\/a><\/h2>\n<h3>By kxanmichaelmccubbin | kxan.com<\/h3>\n<p><iframe loading=\"lazy\" src=\"http:\/\/up.anv.bz\/latest\/anvload.html?key=eyJtIjoiTElOIiwidiI6IjEzNTI5MjUiLCJhbnZhY2siOiJhbnZhdG9fbWNwX2xpbl93ZWJfcHJvZF80YzM2ZmJmZDRkOGQ4ZWNhZTY0ODg2NTZlMjFhYzZkMWFjOTcyNzQ5IiwicGx1Z2lucyI6eyJkZnAiOnsiY2xpZW50U2lkZSI6eyJhZFRhZ1VybCI6Imh0dHBzOi8vcHViYWRzLmcuZG91YmxlY2xpY2submV0L2dhbXBhZC9hZHM\/c3o9MXgxMDAwJml1PS81Njc4L2xpbi5LWEFOL3N0dWRpbzUxMi9maWdodC1jbGltYXRlLWNoYW5nZS1yaWRlLWEtYmlrZS9kZXRhaWwmaW1wbD1zJmdkZnBfcmVxPTEmZW52PXZwJm91dHB1dD12YXN0JnVudmlld2VkX3Bvc2l0aW9uX3N0YXJ0PTEmdXJsPWh0dHA6Ly93d3cua3hhbi5jb20mZGVzY3JpcHRpb25fdXJsPWh0dHA6Ly93d3cua3hhbi5jb20mY29ycmVsYXRvcj1bdGltZXN0YW1wXSZhZF9ydWxlPTEifX0sImFuYWx5dGljcyI6eyJwZGIiOiI0MzAxNjg4NiIsInNlcnZlclVSTCI6Imh0dHA6Ly9hbmFseXRpY3MtdjIuYW52YXRvLmNvbS9WaWRlb0FuYWx5dGljcy9zcmMvdmlkZW9fbG9nLnBocCJ9LCJvbW5pdHVyZSI6eyJwcm9maWxlIjoibGluIiwiYWNjb3VudCI6ImRwc2Rwc2t4YW4sZHBzZ2xvYmFsIiwidHJhY2tpbmdTZXJ2ZXIiOiJsaW50di4xMjIuMm83Lm5ldCIsInBhcmVudFBhZ2VVUkwiOiJodHRwOi8va3hhbi5jb20vMjAxNy8wNS8yNC9maWdodC1jbGltYXRlLWNoYW5nZS1yaWRlLWEtYmlrZS8iLCJwSW5zdGFuY2UiOiJwMCIsInBsYXllck5hbWUiOiJBbnZhdG9Vbml2ZXJzYWxQbGF5ZXIifSwiZ29vZ2xlQW5hbHl0aWNzIjp7InRyYWNraW5nSWQiOiJVQS0zMjUwNzM2OC0yNiIsImNhdGVnb3J5IjoiQW52YXRvIFdlYiBQbGF5ZXIiLCJldmVudHMiOnsiVklERU9fQ09NUExFVEVEIjoiQ09NUExFVEUiLCJVU0VSX1BMQVkiOiJQTEFZIiwiVVNFUl9QQVVTRSI6IlBBVVNFIiwiVVNFUl9SRVNVTUUiOiJSRVNVTUUifX0sInJlYWxUaW1lQW5hbHl0aWNzIjp0cnVlfSwiaHRtbDUiOnRydWV9\" width=\"640\" height=\"360\" frameborder=\"0\" scrolling=\"no\" allowfullscreen=\"allowfullscreen\"><\/iframe><\/p>\n<p>Did you know that May is bike month? And did you know that biking instead of driving is a great way to reduce your carbon footprint and fight climate change? Lucia Athens from the City of Austin\u00e2\u20ac\u2122s Office of Sustainability joined us in the studio with tips for taking up biking. While 5-13% of Austinites commute to work by bike at least three &#8230;<\/p>\n<hr \/>\n<style type=\"text\/css\">#meetup_oembed .mu_clearfix:after { visibility: hidden; display: block; font-size: 0; content: \" \"; clear: both; height: 0; }* html #meetup_oembed .mu_clearfix, *:first-child+html #meetup_oembed .mu_clearfix { zoom: 1; }#meetup_oembed { background:#eee;border:1px solid #ccc;padding:10px;-moz-border-radius:3px;-webkit-border-radius:3px;border-radius:3px;margin:0; font-family: 'Helvetica Neue', Helvetica, Arial, sans-serif; font-size: 12px; }#meetup_oembed h3 { font-weight:normal; margin:0 0 10px; padding:0; line-height:26px; font-family:Georgia,Palatino,serif; font-size:24px }#meetup_oembed p { margin: 0 0 10px; padding:0; line-height:16px; }#meetup_oembed img { border:none; margin:0; padding:0; }#meetup_oembed a, #meetup_oembed a:visited, #meetup_oembed a:link { color: #1B76B3; text-decoration: none; cursor: hand; cursor: pointer; }#meetup_oembed a:hover { color: #1B76B3; text-decoration: underline; }#meetup_oembed a.mu_button { font-size:14px; -moz-border-radius:3px;-webkit-border-radius:3px;border-radius:3px;border:2px solid #A7241D;color:white!important;text-decoration:none;background-color: #CA3E47; background-image: -moz-linear-gradient(top, #ca3e47, #a8252e); background-image: -webkit-gradient(linear, left bottom, left top, color-stop(0, #a8252e), color-stop(1, #ca3e47));disvplay:inline-block;padding:5px 10px; }#meetup_oembed a.mu_button:hover { color: #fff!important; text-decoration: none; }#meetup_oembed .photo { width:50px; height:50px; overflow:hidden;background:#ccc;float:left;margin:0 5px 0 0;text-align:center;padding:1px; }#meetup_oembed .photo img { height:50px }#meetup_oembed .number { font-size:18px; }#meetup_oembed .thing { text-transform: uppercase; color: #555; }<\/style>\n<div id=\"meetup_oembed\" style=\"height:270px\">\n<div style=\"max-height:230px;overflow:hidden\">\n<h3>Sharpening  skills at City Park!<\/h3>\n<p style=\"margin:5px 0;font-size:16px\">Friday, May 26, 2017,  5:45 PM<\/p>\n<p style=\"margin: 0 0 5px;\"><span style=\"font-size:14px\">City Park &#8211; Emma Long Motorcycle Trails<\/span><br \/><span style=\"font-size:12px;\">7548 Oak Shores Dr Austin, TX<\/span><\/p>\n<p>          <span style=\"color:#4F8A10;font-size:16px;\">14 Mountain Bikers Went<\/span>           <\/p>\n<div style=\"margin:5px 0 10px\" class=\"mu_clearfix\">\n<div class=\"photo\"><img data-recalc-dims=\"1\" decoding=\"async\" src=\"https:\/\/i0.wp.com\/secure.meetupstatic.com\/photos\/member\/d\/c\/3\/e\/thumb_9236382.jpeg?w=1200&#038;ssl=1\" \/><\/div>\n<div class=\"photo\"><img data-recalc-dims=\"1\" decoding=\"async\" src=\"https:\/\/i0.wp.com\/secure.meetupstatic.com\/photos\/member\/d\/8\/9\/2\/thumb_101335442.jpeg?w=1200&#038;ssl=1\" \/><\/div>\n<div class=\"photo\"><img data-recalc-dims=\"1\" decoding=\"async\" src=\"https:\/\/i0.wp.com\/secure.meetupstatic.com\/photos\/member\/7\/0\/d\/6\/thumb_257368886.jpeg?w=1200&#038;ssl=1\" \/><\/div>\n<div class=\"photo\"><img data-recalc-dims=\"1\" decoding=\"async\" src=\"https:\/\/i0.wp.com\/secure.meetupstatic.com\/photos\/member\/6\/5\/2\/b\/thumb_265045899.jpeg?w=1200&#038;ssl=1\" \/><\/div>\n<div class=\"photo\"><img data-recalc-dims=\"1\" decoding=\"async\" src=\"https:\/\/i0.wp.com\/secure.meetupstatic.com\/photos\/member\/9\/d\/3\/7\/thumb_267100247.jpeg?w=1200&#038;ssl=1\" \/><\/div>\n<div class=\"photo\"><img data-recalc-dims=\"1\" decoding=\"async\" src=\"https:\/\/i0.wp.com\/secure.meetupstatic.com\/photos\/member\/7\/6\/c\/7\/thumb_4470407.jpeg?w=1200&#038;ssl=1\" \/><\/div>\n<div class=\"photo\"><img data-recalc-dims=\"1\" decoding=\"async\" src=\"https:\/\/i0.wp.com\/secure.meetupstatic.com\/photos\/member\/8\/c\/c\/1\/thumb_266376033.jpeg?w=1200&#038;ssl=1\" \/><\/div>\n<div class=\"photo\"><img data-recalc-dims=\"1\" decoding=\"async\" src=\"https:\/\/i0.wp.com\/secure.meetupstatic.com\/photos\/member\/c\/4\/0\/6\/thumb_127370182.jpeg?w=1200&#038;ssl=1\" \/><\/div>\n<\/p><\/div>\n<p style=\"line-height:16px\">This ride is not suitable for beginners!There is a speed limit to this 5 mile loop, we will be more focused on completing and clearing features rather than going fast. Perfect for those intermediate riders looking to sharpen skills, lots of opportunity here to practice step ups and down ledges!Please click on the link below to see pictures of the&#8230;<\/p>\n<\/p><\/div>\n<p style=\"margin:10px 0 0;\"><a href=\"https:\/\/www.meetup.com\/mountainbikes-130\/events\/240264710\/\" target=\"_blank\" class=\"mu_button\"><strong>Check out this Meetup &rarr;<\/strong><\/a><\/p>\n<\/div>\n<hr \/>\n<h2><a href=\"http:\/\/steinerranchcycling.com\/this-weekends-rides-bee-creek-red-horn-4\/\">This weekend\u00e2\u20ac\u2122s rides: Bee Creek! Red Horn!<\/a><\/h2>\n<h3>by Thomas | steinerranchcycling.com<\/h3>\n<p>Saturday we will hide from the wind under the cover of lovely Bee Creek! The route is super fun and everyone smiles the whole ride with no suffering whatsoever. Route is here: https:\/\/www.strava.com\/routes\/3985679 . After the ride we meet up at Lakeside for some discounted burgers and beer!<br \/>\nSunday is our usual Coffee Shop ride to Red Horn. It is 50 miles and is at an endurance pace typically finishing around a 17mph average speed overall. While we make great efforts to &#8230;<\/p>\n<hr \/>\n<div class=\"fb-post\" data-href=\"https:\/\/www.facebook.com\/photo.php?fbid=1459371330794710\" data-width=\"552\"><\/div>\n<div class=\"fb-post\" data-href=\"https:\/\/www.facebook.com\/photo.php?fbid=1459371544128022\" data-width=\"552\"><\/div>\n<hr \/>\n<h1>Texas Bicycling from Twitter<\/h1>\n<blockquote class=\"twitter-tweet\" data-width=\"550\" data-dnt=\"true\">\n<p lang=\"en\" dir=\"ltr\">Check out my ride on Strava: <a href=\"https:\/\/t.co\/H6KzMa6V6Q\">https:\/\/t.co\/H6KzMa6V6Q<\/a><a href=\"https:\/\/twitter.com\/hashtag\/iamspecialized?src=hash&amp;ref_src=twsrc%5Etfw\">#iamspecialized<\/a> <a href=\"https:\/\/twitter.com\/hashtag\/StumpjumperHT?src=hash&amp;ref_src=twsrc%5Etfw\">#StumpjumperHT<\/a> <a href=\"https:\/\/twitter.com\/hashtag\/STRAVA?src=hash&amp;ref_src=twsrc%5Etfw\">#STRAVA<\/a> <a href=\"https:\/\/twitter.com\/hashtag\/IWantMyMTB?src=hash&amp;ref_src=twsrc%5Etfw\">#IWantMyMTB<\/a> <a href=\"https:\/\/t.co\/hqLyhUQADS\">pic.twitter.com\/hqLyhUQADS<\/a><\/p>\n<p>&mdash; Daniel Cruz (@DCRUZ547) <a href=\"https:\/\/twitter.com\/DCRUZ547\/status\/867910332517371905?ref_src=twsrc%5Etfw\">May 26, 2017<\/a><\/p><\/blockquote>\n<p><script async src=\"https:\/\/platform.twitter.com\/widgets.js\" charset=\"utf-8\"><\/script><\/p>\n<blockquote class=\"twitter-tweet\" data-width=\"550\" data-dnt=\"true\">\n<p lang=\"en\" dir=\"ltr\">Results are posted!! <a href=\"https:\/\/t.co\/o3FlMPVd2a\">https:\/\/t.co\/o3FlMPVd2a<\/a> <a href=\"https:\/\/t.co\/V38jInCXLp\">https:\/\/t.co\/V38jInCXLp<\/a><\/p>\n<p>&mdash; KingRacingGroup (@KingRacingGroup) <a href=\"https:\/\/twitter.com\/KingRacingGroup\/status\/867907590470193152?ref_src=twsrc%5Etfw\">May 26, 2017<\/a><\/p><\/blockquote>\n<p><script async src=\"https:\/\/platform.twitter.com\/widgets.js\" charset=\"utf-8\"><\/script><\/p>\n<blockquote class=\"twitter-tweet\" data-width=\"550\" data-dnt=\"true\">\n<p lang=\"en\" dir=\"ltr\">Are you ready to ride? 6 days left 2 register online for <a href=\"https:\/\/twitter.com\/hashtag\/ATLASRide2017?src=hash&amp;ref_src=twsrc%5Etfw\">#ATLASRide2017<\/a>. Visit <a href=\"https:\/\/t.co\/alsQp204EV\">https:\/\/t.co\/alsQp204EV<\/a> and sign up to ride Day 1 w\/ <a href=\"https:\/\/twitter.com\/hashtag\/T4K2017?src=hash&amp;ref_src=twsrc%5Etfw\">#T4K2017<\/a> <a href=\"https:\/\/t.co\/QKbrEok4Gl\">pic.twitter.com\/QKbrEok4Gl<\/a><\/p>\n<p>&mdash; Texas 4000 (@Texas4000) <a href=\"https:\/\/twitter.com\/Texas4000\/status\/867800493149605888?ref_src=twsrc%5Etfw\">May 25, 2017<\/a><\/p><\/blockquote>\n<p><script async src=\"https:\/\/platform.twitter.com\/widgets.js\" charset=\"utf-8\"><\/script><\/p>\n<blockquote class=\"twitter-tweet\" data-width=\"550\" data-dnt=\"true\">\n<p lang=\"en\" dir=\"ltr\"><a href=\"https:\/\/twitter.com\/hashtag\/WellnessONWheels?src=hash&amp;ref_src=twsrc%5Etfw\">#WellnessONWheels<\/a> <a href=\"https:\/\/twitter.com\/hashtag\/LIVEfitEPC?src=hash&amp;ref_src=twsrc%5Etfw\">#LIVEfitEPC<\/a><a href=\"https:\/\/twitter.com\/hashtag\/RideaBike?src=hash&amp;ref_src=twsrc%5Etfw\">#RideaBike<\/a>\u00f0\u0178\u2021\u00ba\u00f0\u0178\u2021\u00b8\u00f0\u0178\u0161\u00b4\u00f0\u0178\u008f\u00bc\u00f0\u0178\u0161\u00b4\u00f0\u0178\u008f\u00bb\u00e2\u20ac\u008d\u00e2\u2122\u20ac\u00ef\u00b8\u008f\u00f0\u0178\u2021\u00ba\u00f0\u0178\u2021\u00b8<br \/>Come join EP Cyclists for our 5th Annual Memorial Day  Ride:&#8230; <a href=\"https:\/\/t.co\/wYWbSSJZoO\">https:\/\/t.co\/wYWbSSJZoO<\/a><\/p>\n<p>&mdash; EP Cyclists (@EPCyclists) <a href=\"https:\/\/twitter.com\/EPCyclists\/status\/867779176102801409?ref_src=twsrc%5Etfw\">May 25, 2017<\/a><\/p><\/blockquote>\n<p><script async src=\"https:\/\/platform.twitter.com\/widgets.js\" charset=\"utf-8\"><\/script><\/p>\n<blockquote class=\"twitter-tweet\" data-width=\"550\" data-dnt=\"true\">\n<p lang=\"en\" dir=\"ltr\"><a href=\"https:\/\/twitter.com\/hashtag\/WellnessONWheels?src=hash&amp;ref_src=twsrc%5Etfw\">#WellnessONWheels<\/a> <a href=\"https:\/\/twitter.com\/hashtag\/LIVEfitEPC?src=hash&amp;ref_src=twsrc%5Etfw\">#LIVEfitEPC<\/a><a href=\"https:\/\/twitter.com\/hashtag\/RideaBike?src=hash&amp;ref_src=twsrc%5Etfw\">#RideaBike<\/a><br \/>Come join EP Cyclists for our Sunday Funday Ride: 05\/28\/17<br \/>Let&#39;s keep&#8230; <a href=\"https:\/\/t.co\/27YstgYQcq\">https:\/\/t.co\/27YstgYQcq<\/a><\/p>\n<p>&mdash; EP Cyclists (@EPCyclists) <a href=\"https:\/\/twitter.com\/EPCyclists\/status\/867758337907195904?ref_src=twsrc%5Etfw\">May 25, 2017<\/a><\/p><\/blockquote>\n<p><script async src=\"https:\/\/platform.twitter.com\/widgets.js\" charset=\"utf-8\"><\/script><\/p>\n<blockquote class=\"twitter-tweet\" data-width=\"550\" data-dnt=\"true\">\n<p lang=\"en\" dir=\"ltr\">A nice resource for learning more about San Antonio rides and bike groups. <a href=\"https:\/\/t.co\/ypGHjBu3Dm\">https:\/\/t.co\/ypGHjBu3Dm<\/a><\/p>\n<p>&mdash; Bike World (@BIKEWORLDsatx) <a href=\"https:\/\/twitter.com\/BIKEWORLDsatx\/status\/867747664435269633?ref_src=twsrc%5Etfw\">May 25, 2017<\/a><\/p><\/blockquote>\n<p><script async src=\"https:\/\/platform.twitter.com\/widgets.js\" charset=\"utf-8\"><\/script><\/p>\n<blockquote class=\"twitter-tweet\" data-width=\"550\" data-dnt=\"true\">\n<p lang=\"en\" dir=\"ltr\"><a href=\"https:\/\/twitter.com\/hashtag\/WellnessonWheels?src=hash&amp;ref_src=twsrc%5Etfw\">#WellnessonWheels<\/a> <a href=\"https:\/\/twitter.com\/hashtag\/LIVEfitEPC?src=hash&amp;ref_src=twsrc%5Etfw\">#LIVEfitEPC<\/a> <a href=\"https:\/\/twitter.com\/hashtag\/RideaBike?src=hash&amp;ref_src=twsrc%5Etfw\">#RideaBike<\/a><br \/>Come join EP Cyclists for our Saturday Ride: 05\/27\/17 \u00f0\u0178\u0161\u00b4\u00f0\u0178\u008f\u00bc\u00f0\u0178\u0161\u00b4\u00f0\u0178\u008f\u00bb\u00e2\u20ac\u008d\u00e2\u2122\u20ac\u00ef\u00b8\u008f<br \/>Time:&#8230; <a href=\"https:\/\/t.co\/fRuwnnjMKg\">https:\/\/t.co\/fRuwnnjMKg<\/a><\/p>\n<p>&mdash; EP Cyclists (@EPCyclists) <a href=\"https:\/\/twitter.com\/EPCyclists\/status\/867639212581036033?ref_src=twsrc%5Etfw\">May 25, 2017<\/a><\/p><\/blockquote>\n<p><script async src=\"https:\/\/platform.twitter.com\/widgets.js\" charset=\"utf-8\"><\/script><\/p>\n<h1>New Events Added to Texbiker.net Calendar<\/h1>\n<blockquote class=\"twitter-tweet\" data-width=\"550\" data-dnt=\"true\">\n<p lang=\"en\" dir=\"ltr\">New Event The Camp Eagle Classic Mountain Bike Festival &#8211; Rocksprings, TX The Camp Eagle Classic Mountain Bike Fes\u00e2\u20ac\u00a6 <a href=\"https:\/\/t.co\/EF59fZoVxQ\">https:\/\/t.co\/EF59fZoVxQ<\/a><\/p>\n<p>&mdash; Rick Ankrum (@texbiker) <a href=\"https:\/\/twitter.com\/texbiker\/status\/867858128909611009?ref_src=twsrc%5Etfw\">May 25, 2017<\/a><\/p><\/blockquote>\n<p><script async src=\"https:\/\/platform.twitter.com\/widgets.js\" charset=\"utf-8\"><\/script><\/p>\n<blockquote class=\"twitter-tweet\" data-width=\"550\" data-dnt=\"true\">\n<p lang=\"en\" dir=\"ltr\">New Event Tour de Southern Walnut Creek Trail &#8211; Austin, TX For full details, including the address, and to RSVP se\u00e2\u20ac\u00a6 <a href=\"https:\/\/t.co\/vsOkROc6sj\">https:\/\/t.co\/vsOkROc6sj<\/a><\/p>\n<p>&mdash; Rick Ankrum (@texbiker) <a href=\"https:\/\/twitter.com\/texbiker\/status\/867859361007316992?ref_src=twsrc%5Etfw\">May 25, 2017<\/a><\/p><\/blockquote>\n<p><script async src=\"https:\/\/platform.twitter.com\/widgets.js\" charset=\"utf-8\"><\/script><\/p>\n<blockquote class=\"twitter-tweet\" data-width=\"550\" data-dnt=\"true\">\n<p lang=\"en\" dir=\"ltr\">New Event Rebecca Creek Ride &#8211; Bulverde, TX <a href=\"https:\/\/t.co\/aFB2hdfocc\">https:\/\/t.co\/aFB2hdfocc<\/a><\/p>\n<p>This great ride now includes water stops on \u00e2\u20ac\u00a6 <a href=\"https:\/\/t.co\/QFPcgn6EEH\">https:\/\/t.co\/QFPcgn6EEH<\/a><\/p>\n<p>&mdash; Rick Ankrum (@texbiker) <a href=\"https:\/\/twitter.com\/texbiker\/status\/867900905022267397?ref_src=twsrc%5Etfw\">May 26, 2017<\/a><\/p><\/blockquote>\n<p><script async src=\"https:\/\/platform.twitter.com\/widgets.js\" charset=\"utf-8\"><\/script><\/p>\n<blockquote class=\"twitter-tweet\" data-width=\"550\" data-dnt=\"true\">\n<p lang=\"en\" dir=\"ltr\">New Event Wilderness Oak Ride &#8211; San Antonio, TX <a href=\"https:\/\/t.co\/lcP678JPqr\">https:\/\/t.co\/lcP678JPqr<\/a><\/p>\n<p>Ride from a great starting spot. Meet at\u00e2\u20ac\u00a6 <a href=\"https:\/\/t.co\/eo9Z8P9Sz1\">https:\/\/t.co\/eo9Z8P9Sz1<\/a><\/p>\n<p>&mdash; Rick Ankrum (@texbiker) <a href=\"https:\/\/twitter.com\/texbiker\/status\/867902211061420033?ref_src=twsrc%5Etfw\">May 26, 2017<\/a><\/p><\/blockquote>\n<p><script async src=\"https:\/\/platform.twitter.com\/widgets.js\" charset=\"utf-8\"><\/script><\/p>\n<blockquote class=\"twitter-tweet\" data-width=\"550\" data-dnt=\"true\">\n<p lang=\"en\" dir=\"ltr\">New Event Bullis County Park Ride &#8211; San Antonio, TX <a href=\"https:\/\/t.co\/z0yX6c3KdF\">https:\/\/t.co\/z0yX6c3KdF<\/a><a href=\"https:\/\/t.co\/gckv3Xk3ex\">https:\/\/t.co\/gckv3Xk3ex<\/a><\/p>\n<p>Ride some f\u00e2\u20ac\u00a6 <a href=\"https:\/\/t.co\/DuEMqCnHPd\">https:\/\/t.co\/DuEMqCnHPd<\/a><\/p>\n<p>&mdash; Rick Ankrum (@texbiker) <a href=\"https:\/\/twitter.com\/texbiker\/status\/867902215809359872?ref_src=twsrc%5Etfw\">May 26, 2017<\/a><\/p><\/blockquote>\n<p><script async src=\"https:\/\/platform.twitter.com\/widgets.js\" charset=\"utf-8\"><\/script><\/p>\n","protected":false},"excerpt":{"rendered":"<p>Conquer the Coast offers incomparable view Colby Farr | www.caller.com Bike riders will get to see the bayfront from their seats this September during the 14th annual Conquer the Coast. Conquer the Coast features up to 65 miles of bayfront <span class=\"excerpt-dots\">&hellip;<\/span> <a class=\"more-link\" href=\"https:\/\/www.texbiker.net\/blog\/2017\/05\/25\/texas-bicycling-news-may-25th-2017\/\"><span class=\"more-msg\">Continue reading &rarr;<\/span><\/a><\/p>\n","protected":false},"author":1,"featured_media":0,"comment_status":"open","ping_status":"open","sticky":false,"template":"","format":"standard","meta":{"_jetpack_memberships_contains_paid_content":false,"footnotes":"","jetpack_publicize_message":"","jetpack_publicize_feature_enabled":true,"jetpack_social_post_already_shared":false,"jetpack_social_options":{"image_generator_settings":{"template":"highway","enabled":false},"version":2}},"categories":[14],"tags":[5248],"class_list":["post-36211","post","type-post","status-publish","format-standard","hentry","category-bicycling-news","tag-texas-bicycling-news"],"jetpack_publicize_connections":[],"jetpack_featured_media_url":"","jetpack_shortlink":"https:\/\/wp.me\/p4tok-9q3","jetpack_sharing_enabled":true,"_links":{"self":[{"href":"https:\/\/www.texbiker.net\/blog\/wp-json\/wp\/v2\/posts\/36211","targetHints":{"allow":["GET"]}}],"collection":[{"href":"https:\/\/www.texbiker.net\/blog\/wp-json\/wp\/v2\/posts"}],"about":[{"href":"https:\/\/www.texbiker.net\/blog\/wp-json\/wp\/v2\/types\/post"}],"author":[{"embeddable":true,"href":"https:\/\/www.texbiker.net\/blog\/wp-json\/wp\/v2\/users\/1"}],"replies":[{"embeddable":true,"href":"https:\/\/www.texbiker.net\/blog\/wp-json\/wp\/v2\/comments?post=36211"}],"version-history":[{"count":0,"href":"https:\/\/www.texbiker.net\/blog\/wp-json\/wp\/v2\/posts\/36211\/revisions"}],"wp:attachment":[{"href":"https:\/\/www.texbiker.net\/blog\/wp-json\/wp\/v2\/media?parent=36211"}],"wp:term":[{"taxonomy":"category","embeddable":true,"href":"https:\/\/www.texbiker.net\/blog\/wp-json\/wp\/v2\/categories?post=36211"},{"taxonomy":"post_tag","embeddable":true,"href":"https:\/\/www.texbiker.net\/blog\/wp-json\/wp\/v2\/tags?post=36211"}],"curies":[{"name":"wp","href":"https:\/\/api.w.org\/{rel}","templated":true}]}}