{"id":54003,"date":"2020-08-31T22:34:19","date_gmt":"2020-09-01T03:34:19","guid":{"rendered":"https:\/\/www.texbiker.net\/blog\/?p=54003"},"modified":"2020-08-31T22:34:26","modified_gmt":"2020-09-01T03:34:26","slug":"texas-biking-news-august-31st-2020","status":"publish","type":"post","link":"https:\/\/www.texbiker.net\/blog\/2020\/08\/31\/texas-biking-news-august-31st-2020\/","title":{"rendered":"Texas Biking News August 31st 2020"},"content":{"rendered":"\n<div class=\"wp-block-jetpack-markdown\"><h2><a href=\"https:\/\/www.kvue.com\/article\/news\/local\/austin-cyclists-killed-2-crashes-ben-white-lake-creek\/269-b69e8bb3-655c-4952-942e-ad07ac7d663f\">2 cyclists killed in separate Austin crashes within minutes of each other<\/a><\/h2>\n<h3>Britny Eubank | www.kvue.com<\/h3>\n<\/div>\n\n\n\n<iframe loading=\"lazy\" width=\"640\" height=\"360\" style=\"border:1px solid #e6e6e6\" src=\"https:\/\/kvue.com\/embeds\/video\/269-0d67c81e-2394-499c-be5f-88c80ec04544\/iframe\" allowfullscreen=\"true\" webkitallowfullscreen=\"true\" mozallowfullscreen=\"true\"><\/iframe>\n\n\n\n<div class=\"wp-block-jetpack-markdown\"><p>Both crashes occurred around 10:30 p.m. on Wednesday, Aug. 26, one on Ben White Boulevard and the other on Lake Creek Parkway.<\/p>\n<p>AUSTIN, Texas \u00e2\u20ac\u201d Two cyclists were killed in separate crashes in Austin last week, on the same day, within minutes of each other.<\/p>\n<p>The first accident occurred on Thursday, Aug. 26, at approximately 10:26 p.m. on Lake Creek Parkway and the U.S. 183 frontage road. Police said the preliminary investigation indicated that 32-year-old Travis Larsen was riding a bicycle eastbound on Lake Creek Parkway when he &#8230;<\/p>\n<hr \/>\n<h2><a href=\"https:\/\/www.kxan.com\/news\/local\/austin\/austin-police-identify-bicyclist-who-died-in-northwest-austin-collision\/?utm_campaign=socialflow&amp;utm_source=t.co&amp;utm_medium=referral\">Austin police identify bicyclist who died in northwest Austin collision<\/a><\/h2>\n<h3>Billy Gates | www.kxan.com<\/h3>\n<p>AUSTIN (KXAN) \u00e2\u20ac\u201d Austin police identified the man who died in a collision while on riding his bike Wednesday night in northwest Austin.<\/p>\n<p>Police say Travis Larsen, 32, was riding a bicycle when he ran a red light at the intersection of Lake Creek Parkway and U.S. Highway 183 and collided with a silver 2013 Toyota Corolla traveling southbound on the frontage road around 10:25 p.m.<\/p>\n<p>Police say the driver of the Corolla stopped to &#8230;<\/p>\n<hr \/>\n<h2><a href=\"https:\/\/bicycleaustin.info\/forum\/viewtopic.php?pid=7345#p7345\">38th Annual Moonlight Cruise Sat night\/Sun morn, 2020-09-06 2:00 AM<\/a><\/h2>\n<h3>dougmc | bicycleaustin.info<\/h3>\n<p>The date for the 38th Annual Moonlight Cruise is approaching &#8230; this coming Saturday night, with the ride itself starting (wheels down) at around Sunday morning, 2020-09-06 02:15 CDT, starting at the middle of the James Pfluger pedestrian bridge, near Riverside and Lamar.<\/p>\n<p>That said, with COVID-19 in full effect, the ride is not really cancelled, but &#8230; it&#8217;s toned way down.  The annual ride doesn&#8217;t really have leaders per-se, just a set route that people ride, so &#8230; if somebody wants to show up and ride the route at the normal time, that would be great.  (I have no idea how many might do this, but &#8230; the appropriate COVID-19 precautions would &#8230;<\/p>\n<hr \/>\n<h2><a href=\"https:\/\/bicycleaustin.info\/forum\/viewtopic.php?pid=7346#p7346\">August 2020 has been rough on Central Texas cyclists &#8230;three dead.<\/a><\/h2>\n<h3>dougmc | bicycleaustin.info<\/h3>\n<p>Austin police identify bicyclist who died in northwest Austin collision 08\/26.  The victim was Travis Larson, age 32.<\/p>\n<p>Bicyclist killed in crash near Austin airport, medics say 08\/03.  The victim was 41 year old Miguel Angel Rodriguez.<\/p>\n<p>Manhunt under way for suspect after 1 killed in hit and run in Williamson County 08\/30.  I have not found a name for the victim yet. &#8230;<\/p>\n<hr \/>\n<\/div>\n\n\n\n<figure class=\"wp-block-embed-reddit wp-block-embed is-type-rich is-provider-reddit\"><div class=\"wp-block-embed__wrapper\">\n    <blockquote class=\"reddit-card\" >      <a href=\"https:\/\/www.reddit.com\/r\/BikingATX\/comments\/ik6qw9\/i_live_in_downtown_east_austin_and_just_bought_a\/?ref_source=embed&amp;ref=share\">I live in downtown \/ east Austin and just bought a new road bike and don&#8217;t own a car. All the good road bike routes I&#8217;ve seen are 10+ miles away. What&#8217;s a good trail i&#8217;m missing?<\/a> from      <a href=\"https:\/\/www.reddit.com\/r\/BikingATX\/\">BikingATX<\/a>    <\/blockquote>    <script async src=\"https:\/\/embed.redditmedia.com\/widgets\/platform.js\" charset=\"UTF-8\"><\/script>\n<\/div><\/figure>\n\n\n\n<div class=\"wp-block-jetpack-markdown\"><hr \/>\n<h2><a href=\"https:\/\/www.sanantoniomag.com\/28-ways-to-enjoy-the-san-antonio-river\/\">28 Ways to Enjoy the San Antonio River<\/a><\/h2>\n<h3>EMILY GUAJARDO &amp; CLAIRE WINESETT | www.sanantoniomag.com<\/h3>\n<p><img data-recalc-dims=\"1\" height=\"674\" width=\"1200\" decoding=\"async\" src=\"https:\/\/i0.wp.com\/d1m6300l53o0vp.cloudfront.net\/wp-content\/uploads\/2020\/08\/26-27_SARiver_SEPT2020_WittDuncan_Web-1246x700.jpg?resize=1200%2C674&#038;ssl=1\" alt=\"\"\/><\/p>\n<p>Whether you&#8217;re in the mood for casting a line or cycling the trails, there&#8217;s fun at the river for tourists and locals alike<\/p>\n<p>Cycle the Trails\nStart amid the bustle of downtown near Main Plaza or hop on the trail at the Blue Star Arts Complex and follow the Mission Reach trail for close to 10 miles each way, planning stops at four of San Antonio\u00e2\u20ac\u2122s five historic missions along the ride. Each mission is about 2.5 miles from the next and the trail offers views of tall grasses, birds and other wildlife.<\/p>\n<p>Olga Galindo, a member of the San Antonio Cyclones Cycling Club, says the Mission Reach is one of the club\u00e2\u20ac\u2122s favorite spots because of its vast hills, protected nature and the friendliness between cyclists on the trail. \u00e2\u20ac\u0153It\u00e2\u20ac\u2122s &#8230;<\/p>\n<hr \/>\n<h2><a href=\"https:\/\/www.jrlawfirm.com\/news\/georgetown-tx-bicycle-crash-on-ronald-reagan-blvd-claims-one-life\/\">Georgetown, TX \u00e2\u20ac\u201c Bicycle Crash on Ronald Reagan Blvd Claims One Life<\/a><\/h2>\n<h3>www.jrlawfirm.com<\/h3>\n<p>Georgetown, TX (August 31, 2020) \u00e2\u20ac\u201c An automobile accident reported in Williamson County claimed one rider\u00e2\u20ac\u2122s life on Sunday morning. On August 30, the Texas Department of Public Safety responded to the scene of an auto accident on Ronald Reagan Boulevard.<\/p>\n<p>Reports provided by authorities show that a man was riding a bicycle on the right shoulder of Ronald Reagan Boulevard when a vehicle entered over into the shoulder and struck the man near the intersection with County Road 239.<\/p>\n<p>The rider was fatally injured in &#8230;<\/p>\n<hr \/>\n<\/div>\n\n\n\n<div class=\"wp-block-jetpack-markdown\"><h1>Texas Biking from Twitter<\/h1>\n<\/div>\n\n\n\n<figure class=\"wp-block-embed-twitter wp-block-embed is-type-rich is-provider-twitter\"><div class=\"wp-block-embed__wrapper\">\n<blockquote class=\"twitter-tweet\" data-width=\"550\" data-dnt=\"true\"><p lang=\"en\" dir=\"ltr\">Folks, the gear photo. Get started in the morning. <a href=\"https:\/\/twitter.com\/hashtag\/vueltadetejas?src=hash&amp;ref_src=twsrc%5Etfw\">#vueltadetejas<\/a> <a href=\"https:\/\/t.co\/DLx2FTyTUZ\">pic.twitter.com\/DLx2FTyTUZ<\/a><\/p>&mdash; Docta Aaron N. Chamberlain (@elmachuca) <a href=\"https:\/\/twitter.com\/elmachuca\/status\/1300533863903567872?ref_src=twsrc%5Etfw\">August 31, 2020<\/a><\/blockquote><script async src=\"https:\/\/platform.twitter.com\/widgets.js\" charset=\"utf-8\"><\/script>\n<\/div><\/figure>\n\n\n\n<figure class=\"wp-block-embed-twitter wp-block-embed is-type-rich is-provider-twitter\"><div class=\"wp-block-embed__wrapper\">\n<blockquote class=\"twitter-tweet\" data-width=\"550\" data-dnt=\"true\"><p lang=\"en\" dir=\"ltr\">Police ID bicyclist killed in Southeast Austin last week <a href=\"https:\/\/t.co\/Vs38q5bOSC\">https:\/\/t.co\/Vs38q5bOSC<\/a><\/p>&mdash; Austin Statesman (@statesman) <a href=\"https:\/\/twitter.com\/statesman\/status\/1300570155710324737?ref_src=twsrc%5Etfw\">August 31, 2020<\/a><\/blockquote><script async src=\"https:\/\/platform.twitter.com\/widgets.js\" charset=\"utf-8\"><\/script>\n<\/div><\/figure>\n\n\n\n<figure class=\"wp-block-embed-twitter wp-block-embed is-type-rich is-provider-twitter\"><div class=\"wp-block-embed__wrapper\">\n<blockquote class=\"twitter-tweet\" data-width=\"550\" data-dnt=\"true\"><p lang=\"en\" dir=\"ltr\">Pct.2 <a href=\"https:\/\/twitter.com\/AdrianGarciaHTX?ref_src=twsrc%5Etfw\">@AdrianGarciaHTX<\/a> parks and trails Zoom meeting coming in hot! Feel real good about what the possibilities are!<\/p>&mdash; UHDBikeClub (@UHDBikeClub) <a href=\"https:\/\/twitter.com\/UHDBikeClub\/status\/1300601965462708226?ref_src=twsrc%5Etfw\">September 1, 2020<\/a><\/blockquote><script async src=\"https:\/\/platform.twitter.com\/widgets.js\" charset=\"utf-8\"><\/script>\n<\/div><\/figure>\n\n\n\n<figure class=\"wp-block-embed-twitter wp-block-embed is-type-rich is-provider-twitter\"><div class=\"wp-block-embed__wrapper\">\n<blockquote class=\"twitter-tweet\" data-width=\"550\" data-dnt=\"true\"><p lang=\"en\" dir=\"ltr\">If anyone is looking for a safe route to school this semester, hit us up and we will plan one out for you! We want all students to enjoy a ride to school at least once in their undergrad. Who knows, you may like it\u00e2\u20ac\u00a6 <a href=\"https:\/\/t.co\/asBxwCrBam\">https:\/\/t.co\/asBxwCrBam<\/a><\/p>&mdash; UHDBikeClub (@UHDBikeClub) <a href=\"https:\/\/twitter.com\/UHDBikeClub\/status\/1300612961396908035?ref_src=twsrc%5Etfw\">September 1, 2020<\/a><\/blockquote><script async src=\"https:\/\/platform.twitter.com\/widgets.js\" charset=\"utf-8\"><\/script>\n<\/div><\/figure>\n\n\n\n<figure class=\"wp-block-embed-twitter wp-block-embed is-type-rich is-provider-twitter\"><div class=\"wp-block-embed__wrapper\">\n<blockquote class=\"twitter-tweet\" data-width=\"550\" data-dnt=\"true\"><p lang=\"en\" dir=\"ltr\">Best spot in Downtown! <a href=\"https:\/\/t.co\/nQTnYkn3is\">pic.twitter.com\/nQTnYkn3is<\/a><\/p>&mdash; UHDBikeClub (@UHDBikeClub) <a href=\"https:\/\/twitter.com\/UHDBikeClub\/status\/1300562338119069700?ref_src=twsrc%5Etfw\">August 31, 2020<\/a><\/blockquote><script async src=\"https:\/\/platform.twitter.com\/widgets.js\" charset=\"utf-8\"><\/script>\n<\/div><\/figure>\n\n\n\n<figure class=\"wp-block-embed-twitter wp-block-embed is-type-rich is-provider-twitter\"><div class=\"wp-block-embed__wrapper\">\n<blockquote class=\"twitter-tweet\" data-width=\"550\" data-dnt=\"true\"><p lang=\"en\" dir=\"ltr\">In the last 3 years Houston has approved miles and miles of protected bike lanes downtown. Since covid hit, almost 10 miles of bike infrastructure were accelerated and built as streets remained empty. I am astonished Houston is now more bike friendly than Seattle <a href=\"https:\/\/t.co\/Z3AuH60ja5\">pic.twitter.com\/Z3AuH60ja5<\/a><\/p>&mdash; \u00e2\u02dc\u201a\u00ef\u00b8\u008f Pushing The Needle \u00e2\u02dc\u201a\u00ef\u00b8\u008f (@pushtheneedle) <a href=\"https:\/\/twitter.com\/pushtheneedle\/status\/1299368134709841922?ref_src=twsrc%5Etfw\">August 28, 2020<\/a><\/blockquote><script async src=\"https:\/\/platform.twitter.com\/widgets.js\" charset=\"utf-8\"><\/script>\n<\/div><\/figure>\n\n\n\n<figure class=\"wp-block-embed-twitter wp-block-embed is-type-rich is-provider-twitter\"><div class=\"wp-block-embed__wrapper\">\n<blockquote class=\"twitter-tweet\" data-width=\"550\" data-dnt=\"true\"><p lang=\"en\" dir=\"ltr\">We love seeing you enjoying our bike lanes. RT if you\u00e2\u20ac\u2122re a bike lover. \u00e2\u009d\u00a4\u00ef\u00b8\u008f <a href=\"https:\/\/t.co\/YxdbRoPcmq\">pic.twitter.com\/YxdbRoPcmq<\/a><\/p>&mdash; midtownHOU (@midtownHOU) <a href=\"https:\/\/twitter.com\/midtownHOU\/status\/1300435541910056968?ref_src=twsrc%5Etfw\">August 31, 2020<\/a><\/blockquote><script async src=\"https:\/\/platform.twitter.com\/widgets.js\" charset=\"utf-8\"><\/script>\n<\/div><\/figure>\n\n\n\n<figure class=\"wp-block-embed-twitter wp-block-embed is-type-rich is-provider-twitter\"><div class=\"wp-block-embed__wrapper\">\n<blockquote class=\"twitter-tweet\" data-width=\"550\" data-dnt=\"true\"><p lang=\"en\" dir=\"ltr\">For those of you who rode or ran Saturday August 29 for your virtual HHH in Wichita Falls. Here are the temps from the NWS. <br><br>103 officially qualifies as hotter&#39;n hell. You&#39;re welcome \ud83d\ude42 <a href=\"https:\/\/t.co\/r7kWsrqIyW\">pic.twitter.com\/r7kWsrqIyW<\/a><\/p>&mdash; Hotter&#39;n Hell 100 (@HotternHell100) <a href=\"https:\/\/twitter.com\/HotternHell100\/status\/1300537073154260993?ref_src=twsrc%5Etfw\">August 31, 2020<\/a><\/blockquote><script async src=\"https:\/\/platform.twitter.com\/widgets.js\" charset=\"utf-8\"><\/script>\n<\/div><\/figure>\n\n\n\n<figure class=\"wp-block-embed-twitter wp-block-embed is-type-rich is-provider-twitter\"><div class=\"wp-block-embed__wrapper\">\n<blockquote class=\"twitter-tweet\" data-width=\"550\" data-dnt=\"true\"><p lang=\"en\" dir=\"ltr\">\u00f0\u0178\u201d\u0160 up! I sat down with Ethan Flores of Chains &amp; Gears Podcast to talk bikes, <a href=\"https:\/\/twitter.com\/MSUCyclingTeam?ref_src=twsrc%5Etfw\">@MSUCyclingTeam<\/a> \/Collegiate Cycling, <a href=\"https:\/\/twitter.com\/elbowzracing?ref_src=twsrc%5Etfw\">@elbowzracing<\/a>, and <a href=\"https:\/\/twitter.com\/rothetraining?ref_src=twsrc%5Etfw\">@rothetraining<\/a> Coaching. Check it out: <a href=\"https:\/\/t.co\/yu0HIoxASf\">https:\/\/t.co\/yu0HIoxASf<\/a><\/p>&mdash; Stefan Rothe (@stefanrothe) <a href=\"https:\/\/twitter.com\/stefanrothe\/status\/1300551050382974976?ref_src=twsrc%5Etfw\">August 31, 2020<\/a><\/blockquote><script async src=\"https:\/\/platform.twitter.com\/widgets.js\" charset=\"utf-8\"><\/script>\n<\/div><\/figure>\n\n\n\n<figure class=\"wp-block-embed-twitter wp-block-embed is-type-rich is-provider-twitter\"><div class=\"wp-block-embed__wrapper\">\n<blockquote class=\"twitter-tweet\" data-width=\"550\" data-dnt=\"true\"><p lang=\"en\" dir=\"ltr\">Bike rider killed in NW Austin crash identified <a href=\"https:\/\/t.co\/KPSEFAXzF2\">https:\/\/t.co\/KPSEFAXzF2<\/a><\/p>&mdash; CBS Austin (@cbsaustin) <a href=\"https:\/\/twitter.com\/cbsaustin\/status\/1300556470694666241?ref_src=twsrc%5Etfw\">August 31, 2020<\/a><\/blockquote><script async src=\"https:\/\/platform.twitter.com\/widgets.js\" charset=\"utf-8\"><\/script>\n<\/div><\/figure>\n\n\n\n<figure class=\"wp-block-embed-twitter wp-block-embed is-type-rich is-provider-twitter\"><div class=\"wp-block-embed__wrapper\">\n<blockquote class=\"twitter-tweet\" data-width=\"550\" data-dnt=\"true\"><p lang=\"en\" dir=\"ltr\">Have you checked out the newest trail <a href=\"https:\/\/twitter.com\/QuintaMazatlan?ref_src=twsrc%5Etfw\">@QuintaMazatlan<\/a>?<br>The Kindness Trail will surely brighten your day! \u00f0\u0178\u0152\u02c6 Click on the link for a quick tour!<br><br>\u00e2\u2013\u00b6\u00ef\u00b8\u008f <a href=\"https:\/\/t.co\/IrJe1dlf1C\">https:\/\/t.co\/IrJe1dlf1C<\/a><a href=\"https:\/\/twitter.com\/hashtag\/FunOutdoors?src=hash&amp;ref_src=twsrc%5Etfw\">#FunOutdoors<\/a> <a href=\"https:\/\/twitter.com\/hashtag\/MagicOfMcAllen?src=hash&amp;ref_src=twsrc%5Etfw\">#MagicOfMcAllen<\/a> <a href=\"https:\/\/t.co\/TdNSX3Terq\">pic.twitter.com\/TdNSX3Terq<\/a><\/p>&mdash; City of McAllen, TX (@CityofMcAllen) <a href=\"https:\/\/twitter.com\/CityofMcAllen\/status\/1300425293224718336?ref_src=twsrc%5Etfw\">August 31, 2020<\/a><\/blockquote><script async src=\"https:\/\/platform.twitter.com\/widgets.js\" charset=\"utf-8\"><\/script>\n<\/div><\/figure>\n\n\n\n<figure class=\"wp-block-embed-twitter wp-block-embed is-type-rich is-provider-twitter\"><div class=\"wp-block-embed__wrapper\">\n<blockquote class=\"twitter-tweet\" data-width=\"550\" data-dnt=\"true\"><p lang=\"en\" dir=\"ltr\">Congratulations to Larry Filer for completing his Triple Threat event this weekend!!! <a href=\"https:\/\/t.co\/rCMZJD5Y2Y\">pic.twitter.com\/rCMZJD5Y2Y<\/a><\/p>&mdash; Hotter&#39;n Hell 100 (@HotternHell100) <a href=\"https:\/\/twitter.com\/HotternHell100\/status\/1300430305258541062?ref_src=twsrc%5Etfw\">August 31, 2020<\/a><\/blockquote><script async src=\"https:\/\/platform.twitter.com\/widgets.js\" charset=\"utf-8\"><\/script>\n<\/div><\/figure>\n\n\n\n<div class=\"wp-block-jetpack-markdown\"><hr \/>\n<h1>New Events Added to Texbiker.net Calendar<\/h1>\n<\/div>\n\n\n\n<figure class=\"wp-block-embed-twitter wp-block-embed is-type-rich is-provider-twitter\"><div class=\"wp-block-embed__wrapper\">\n<blockquote class=\"twitter-tweet\" data-width=\"550\" data-dnt=\"true\"><p lang=\"en\" dir=\"ltr\">New Event ARR All Level Ride &#8211; Austin, TX <br>The Austin Mountain Bikers Meetup Group<br>***Effective until further notice- in accordance with our local government- if this ride does not get canceled all riders are asked to practice social distancing and ride \u00e2\u20ac\u00a6 <a href=\"https:\/\/t.co\/imYjtQFWuJ\">https:\/\/t.co\/imYjtQFWuJ<\/a><\/p>&mdash; Rick Ankrum (@texbiker) <a href=\"https:\/\/twitter.com\/texbiker\/status\/1300460765296709644?ref_src=twsrc%5Etfw\">August 31, 2020<\/a><\/blockquote><script async src=\"https:\/\/platform.twitter.com\/widgets.js\" charset=\"utf-8\"><\/script>\n<\/div><\/figure>\n\n\n\n<figure class=\"wp-block-embed-twitter wp-block-embed is-type-rich is-provider-twitter\"><div class=\"wp-block-embed__wrapper\">\n<blockquote class=\"twitter-tweet\" data-width=\"550\" data-dnt=\"true\"><p lang=\"en\" dir=\"ltr\">New Event ARR Sunday Early Ride &#8211; Austin, TX <br>The Austin Mountain Bikers Meetup Group<br>This is a social Intermediate ride! Meet in the parking lot by the swimming pool. Helmets are required along with a bike in good working order. Please arrive around 7:3\u00e2\u20ac\u00a6 <a href=\"https:\/\/t.co\/4ilVYfjvOH\">https:\/\/t.co\/4ilVYfjvOH<\/a><\/p>&mdash; Rick Ankrum (@texbiker) <a href=\"https:\/\/twitter.com\/texbiker\/status\/1300460759529463812?ref_src=twsrc%5Etfw\">August 31, 2020<\/a><\/blockquote><script async src=\"https:\/\/platform.twitter.com\/widgets.js\" charset=\"utf-8\"><\/script>\n<\/div><\/figure>\n","protected":false},"excerpt":{"rendered":" <a class=\"more-link\" href=\"https:\/\/www.texbiker.net\/blog\/2020\/08\/31\/texas-biking-news-august-31st-2020\/\"><span class=\"more-msg\">Continue reading &rarr;<\/span><\/a>","protected":false},"author":1,"featured_media":0,"comment_status":"open","ping_status":"open","sticky":false,"template":"","format":"standard","meta":{"_jetpack_memberships_contains_paid_content":false,"footnotes":"","jetpack_publicize_message":"","jetpack_publicize_feature_enabled":true,"jetpack_social_post_already_shared":false,"jetpack_social_options":{"image_generator_settings":{"template":"highway","enabled":false},"version":2}},"categories":[14],"tags":[],"class_list":["post-54003","post","type-post","status-publish","format-standard","hentry","category-bicycling-news"],"jetpack_publicize_connections":[],"jetpack_featured_media_url":"","jetpack_shortlink":"https:\/\/wp.me\/p4tok-e31","jetpack_sharing_enabled":true,"_links":{"self":[{"href":"https:\/\/www.texbiker.net\/blog\/wp-json\/wp\/v2\/posts\/54003","targetHints":{"allow":["GET"]}}],"collection":[{"href":"https:\/\/www.texbiker.net\/blog\/wp-json\/wp\/v2\/posts"}],"about":[{"href":"https:\/\/www.texbiker.net\/blog\/wp-json\/wp\/v2\/types\/post"}],"author":[{"embeddable":true,"href":"https:\/\/www.texbiker.net\/blog\/wp-json\/wp\/v2\/users\/1"}],"replies":[{"embeddable":true,"href":"https:\/\/www.texbiker.net\/blog\/wp-json\/wp\/v2\/comments?post=54003"}],"version-history":[{"count":1,"href":"https:\/\/www.texbiker.net\/blog\/wp-json\/wp\/v2\/posts\/54003\/revisions"}],"predecessor-version":[{"id":54004,"href":"https:\/\/www.texbiker.net\/blog\/wp-json\/wp\/v2\/posts\/54003\/revisions\/54004"}],"wp:attachment":[{"href":"https:\/\/www.texbiker.net\/blog\/wp-json\/wp\/v2\/media?parent=54003"}],"wp:term":[{"taxonomy":"category","embeddable":true,"href":"https:\/\/www.texbiker.net\/blog\/wp-json\/wp\/v2\/categories?post=54003"},{"taxonomy":"post_tag","embeddable":true,"href":"https:\/\/www.texbiker.net\/blog\/wp-json\/wp\/v2\/tags?post=54003"}],"curies":[{"name":"wp","href":"https:\/\/api.w.org\/{rel}","templated":true}]}}