{"id":54171,"date":"2020-09-21T22:43:01","date_gmt":"2020-09-22T03:43:01","guid":{"rendered":"https:\/\/www.texbiker.net\/blog\/?p=54171"},"modified":"2020-09-21T22:43:10","modified_gmt":"2020-09-22T03:43:10","slug":"texas-biking-news-september-21st-2020","status":"publish","type":"post","link":"https:\/\/www.texbiker.net\/blog\/2020\/09\/21\/texas-biking-news-september-21st-2020\/","title":{"rendered":"Texas Biking News September 21st 2020"},"content":{"rendered":"\n<div class=\"wp-block-jetpack-markdown\"><h2><a href=\"https:\/\/www.click2houston.com\/news\/local\/2020\/09\/21\/student-riding-bike-hit-by-school-bus-outside-barbers-hill-isd-elementary-school-district-says\/\">Student riding bike hit by school bus outside Barbers Hill ISD elementary school, district says<\/a><\/h2>\n<h3>Brittany Taylor | www.click2houston.com<\/h3>\n<p><img data-recalc-dims=\"1\" decoding=\"async\" src=\"https:\/\/i0.wp.com\/www.click2houston.com\/resizer\/69ULUNeLFQSi6fPDbzTwFkhS4oQ%3D\/938x528\/smart\/filters%3Aformat%28jpeg%29%3Astrip_exif%28true%29%3Astrip_icc%28true%29%3Ano_upscale%28true%29%3Aquality%2865%29\/cloudfront-us-east-1.images.arcpublishing.com\/gmg\/XLOHLEJISNCKJKEBUBVK2B36PY.jpg?w=1200&#038;ssl=1\" alt=\"\"\/><\/p>\n<p>HOUSTON \u00e2\u20ac\u201c A child riding a bike was struck by a school bus Monday afternoon outside Barbers Hill Elementary School South, according to the district.<\/p>\n<p>The incident was reported around 3:30 p.m.<\/p>\n<p>School officials said the bus that struck the child also had other students aboard.<\/p>\n<p>The extent of the child\u00e2\u20ac\u2122s injuries is unknown.<\/p>\n<hr \/>\n<h2><a href=\"https:\/\/communityimpact.com\/dallas-fort-worth\/plano\/parks-recreation\/2020\/09\/21\/plano-builds-upon-its-local-and-regional-trail-systems\/\">Plano builds upon its local and regional trail systems<\/a><\/h2>\n<h3>By Liesbeth Powers | communityimpact.com<\/h3>\n<p><img data-recalc-dims=\"1\" decoding=\"async\" src=\"https:\/\/i0.wp.com\/communityimpact.com\/uploads\/images\/2020\/09\/21\/84361.jpg?w=1200&#038;ssl=1\" alt=\"\"\/><\/p>\n<p>The expansion of Plano\u00e2\u20ac\u2122s Legacy Trail couldn\u00e2\u20ac\u2122t have come at a better time, according to Shirley Barbaro, a member of the Plano Running Club.<\/p>\n<p>From her home, a little more than 200 yards from the trailhead, Barbaro has seen a lot more traffic in recent months on Legacy Trail, which runs along White Rock Creek in northern Plano. With the addition of bridges over the creek and paths from nearby neighborhoods to the trail, it\u00e2\u20ac\u2122s &#8230;<\/p>\n<hr \/>\n<h2><a href=\"https:\/\/www.newswest9.com\/article\/life\/family\/take-a-bike-ride-for-national-bike-week\/513-22012a17-ccaf-4709-8ad2-39878b835615\">Take a bike ride for National Bike Week<\/a><\/h2>\n<h3>Leatra Hernandez | www.newswest9.com<\/h3>\n<p><img data-recalc-dims=\"1\" decoding=\"async\" src=\"https:\/\/i0.wp.com\/media.newswest9.com\/assets\/KWES\/images\/43fea980-694a-4a6f-8072-9cd6bfea38ab\/43fea980-694a-4a6f-8072-9cd6bfea38ab_1140x641.jpg?w=1200&#038;ssl=1\" alt=\"\"\/><\/p>\n<p>Let others see where you ride your bike during National Bike Week on a virtual family bike riding trip.<\/p>\n<p>TEXAS, USA \u00e2\u20ac\u201d To celebrate National Bike Week, take a bike ride and share your pictures of you and your family enjoying your day of riding in your neighborhood.<\/p>\n<p>Having the time to spend with family on a bike ride will not only be fun but will also create memories for years to come.<\/p>\n<p>So, take this week to explore a new area in your neighborhood or a park with a bike ride for you and the family.<\/p>\n<hr \/>\n<h2>Bike to Work (or Anywhere) Week RESCHEDULED!<\/h2>\n<h3>Houston-Galveston Area Council<\/h3>\n<p>As we gear up for Bike to Work (or Anywhere) Week, the safety of our bicyclists is of the utmost importance. Tropical Storm Beta is expected to make landfall this evening, Monday, September 21, 2020, so all festivities have been rescheduled for the week of September 28. Please visit our website and social media platforms (linked below) for the latest information on Bike to Work (or Anywhere) Week! In the meanwhile, please take the necessary precautions when bicycling:<\/p>\n<p>Wear a helmet\nDress in bright colors\nInspect your equipment. Ensure that chains are correctly lubed and working properly\nAdd reflectors to your bicycle\nConsider putting fenders on your bicycle to decrease the amount of water and dirt from splashing you on the road\nBe mindful of slippery surfaces in the rain\nReduce your speed. Bicycle brakes might not function at full capacity while wet\nWatch out for debris, glass, or nails that may be lying beneath puddles of water<\/p>\n<p>For more resources on bicycling, Commute Solutions Month, or Bike to Work (or Anywhere) Week, please visit <a href=\"https:\/\/yourcommutesolution.org\/\">yourcommutesolution.org.<\/a><\/p>\n<hr \/>\n<\/div>\n\n\n\n<div class=\"wp-block-jetpack-markdown\"><h1>Texas Biking from Twitter<\/h1>\n<\/div>\n\n\n\n<figure class=\"wp-block-embed-twitter wp-block-embed is-type-rich is-provider-twitter\"><div class=\"wp-block-embed__wrapper\">\n<blockquote class=\"twitter-tweet\" data-width=\"550\" data-dnt=\"true\"><p lang=\"en\" dir=\"ltr\">2020 is the year of flannel kits, \u00f0\u0178\u0090\u201c socks and dickbutt bikes. <a href=\"https:\/\/t.co\/5zn1UZUWpx\">pic.twitter.com\/5zn1UZUWpx<\/a><\/p>&mdash; Sarah Kamien (@sarahkamien) <a href=\"https:\/\/twitter.com\/sarahkamien\/status\/1308205333064671232?ref_src=twsrc%5Etfw\">September 22, 2020<\/a><\/blockquote><script async src=\"https:\/\/platform.twitter.com\/widgets.js\" charset=\"utf-8\"><\/script>\n<\/div><\/figure>\n\n\n\n<figure class=\"wp-block-embed-twitter wp-block-embed is-type-rich is-provider-twitter\"><div class=\"wp-block-embed__wrapper\">\n<blockquote class=\"twitter-tweet\" data-width=\"550\" data-dnt=\"true\"><p lang=\"en\" dir=\"ltr\">Notification: Georgetown- Sun City Cyclists Tuesday Entry Level Ride (R&#8230; @ Tue Sep 22, 2020 9am &#8211; 10:30am (CDT) (Austin Bike Rides)<\/p>&mdash; AustinsCalendar (@AustinsCalendar) <a href=\"https:\/\/twitter.com\/AustinsCalendar\/status\/1308224578049712135?ref_src=twsrc%5Etfw\">September 22, 2020<\/a><\/blockquote><script async src=\"https:\/\/platform.twitter.com\/widgets.js\" charset=\"utf-8\"><\/script>\n<\/div><\/figure>\n\n\n\n<figure class=\"wp-block-embed-twitter wp-block-embed is-type-rich is-provider-twitter\"><div class=\"wp-block-embed__wrapper\">\n<blockquote class=\"twitter-tweet\" data-width=\"550\" data-dnt=\"true\"><p lang=\"en\" dir=\"ltr\">The list of all the achievers, champions, and raffle winners. <a href=\"https:\/\/t.co\/ojjpcN5vaC\">https:\/\/t.co\/ojjpcN5vaC<\/a> <a href=\"https:\/\/t.co\/ufXz9kYT6y\">pic.twitter.com\/ufXz9kYT6y<\/a><\/p>&mdash; SA Wheelmen (@sawheelmen) <a href=\"https:\/\/twitter.com\/sawheelmen\/status\/1308226469949321218?ref_src=twsrc%5Etfw\">September 22, 2020<\/a><\/blockquote><script async src=\"https:\/\/platform.twitter.com\/widgets.js\" charset=\"utf-8\"><\/script>\n<\/div><\/figure>\n\n\n\n<figure class=\"wp-block-embed-twitter wp-block-embed is-type-rich is-provider-twitter\"><div class=\"wp-block-embed__wrapper\">\n<blockquote class=\"twitter-tweet\" data-width=\"550\" data-dnt=\"true\"><p lang=\"en\" dir=\"ltr\">Happy <a href=\"https:\/\/twitter.com\/hashtag\/BikeToWorkWeek?src=hash&amp;ref_src=twsrc%5Etfw\">#BikeToWorkWeek<\/a>! For routes ideas to help you <a href=\"https:\/\/twitter.com\/hashtag\/BikeThere?src=hash&amp;ref_src=twsrc%5Etfw\">#BikeThere<\/a> in Denton, use our Denton Bike Routes &amp; Stress Map: <a href=\"https:\/\/t.co\/FwHrKImlli\">https:\/\/t.co\/FwHrKImlli<\/a>. Each road segment includes video of what it&#39;s like to bike there. <a href=\"https:\/\/t.co\/7Fj4nELXis\">https:\/\/t.co\/7Fj4nELXis<\/a><\/p>&mdash; Bike Denton (@bikedenton) <a href=\"https:\/\/twitter.com\/bikedenton\/status\/1308151832200589312?ref_src=twsrc%5Etfw\">September 21, 2020<\/a><\/blockquote><script async src=\"https:\/\/platform.twitter.com\/widgets.js\" charset=\"utf-8\"><\/script>\n<\/div><\/figure>\n\n\n\n<figure class=\"wp-block-embed-twitter wp-block-embed is-type-rich is-provider-twitter\"><div class=\"wp-block-embed__wrapper\">\n<blockquote class=\"twitter-tweet\" data-width=\"550\" data-dnt=\"true\"><p lang=\"en\" dir=\"ltr\">Thank you to everyone who joined us on the creek last weekend! We had a wonderful time getting to see everyone\u00e2\u20ac\u2122s on the trail! Don\u00e2\u20ac\u2122t worry if you missed us. We will be out again at Duncan Park and Seider Springs Park this Saturday, September 26th from 10-2 for round 2! <a href=\"https:\/\/t.co\/d52nJXyzIu\">pic.twitter.com\/d52nJXyzIu<\/a><\/p>&mdash; Shoal Creek Conservancy (@shoalcc) <a href=\"https:\/\/twitter.com\/shoalcc\/status\/1308089088675926024?ref_src=twsrc%5Etfw\">September 21, 2020<\/a><\/blockquote><script async src=\"https:\/\/platform.twitter.com\/widgets.js\" charset=\"utf-8\"><\/script>\n<\/div><\/figure>\n\n\n\n<figure class=\"wp-block-embed-twitter wp-block-embed is-type-rich is-provider-twitter\"><div class=\"wp-block-embed__wrapper\">\n<blockquote class=\"twitter-tweet\" data-width=\"550\" data-dnt=\"true\"><p lang=\"en\" dir=\"ltr\">Bike to Work Day festivities have been cancelled this year, but that doesn\u00e2\u20ac\u2122t mean the fun is canceled! We\u00e2\u20ac\u2122re challenging you to a Bike to Anywhere\u00e2\u20ac\u00a6 week! Whether you\u00e2\u20ac\u2122re headed to work or a workout, pledge to ride your bike this week. <a href=\"https:\/\/twitter.com\/hashtag\/biketoanyhwere?src=hash&amp;ref_src=twsrc%5Etfw\">#biketoanyhwere<\/a> <a href=\"https:\/\/twitter.com\/hashtag\/bikelife?src=hash&amp;ref_src=twsrc%5Etfw\">#bikelife<\/a> <a href=\"https:\/\/twitter.com\/hashtag\/bikeshare?src=hash&amp;ref_src=twsrc%5Etfw\">#bikeshare<\/a> <a href=\"https:\/\/t.co\/RtbToNcYD7\">pic.twitter.com\/RtbToNcYD7<\/a><\/p>&mdash; Fort Worth Bike Sharing (@fwbikesharing) <a href=\"https:\/\/twitter.com\/fwbikesharing\/status\/1308090144990392325?ref_src=twsrc%5Etfw\">September 21, 2020<\/a><\/blockquote><script async src=\"https:\/\/platform.twitter.com\/widgets.js\" charset=\"utf-8\"><\/script>\n<\/div><\/figure>\n\n\n\n<figure class=\"wp-block-embed-twitter wp-block-embed is-type-rich is-provider-twitter\"><div class=\"wp-block-embed__wrapper\">\n<blockquote class=\"twitter-tweet\" data-width=\"550\" data-dnt=\"true\"><p lang=\"en\" dir=\"ltr\">Hey <a href=\"https:\/\/twitter.com\/hashtag\/HoustonTX?src=hash&amp;ref_src=twsrc%5Etfw\">#HoustonTX<\/a>! We are rescheduling Bike to Wherever Day to next Tuesday, Sept. 29 due to Tropical Storm Beta. Looking forward to seeing where you bike to! Visit our website for more bike tips and safety resources: <a href=\"https:\/\/t.co\/gEGQCEWlye\">https:\/\/t.co\/gEGQCEWlye<\/a> <a href=\"https:\/\/twitter.com\/hashtag\/BTWD2020?src=hash&amp;ref_src=twsrc%5Etfw\">#BTWD2020<\/a> <a href=\"https:\/\/twitter.com\/hashtag\/IBikeHTX?src=hash&amp;ref_src=twsrc%5Etfw\">#IBikeHTX<\/a> <a href=\"https:\/\/t.co\/fsWelP6krl\">pic.twitter.com\/fsWelP6krl<\/a><\/p>&mdash; Houston Bike Plan (@HoustonBikePlan) <a href=\"https:\/\/twitter.com\/HoustonBikePlan\/status\/1308110155205181441?ref_src=twsrc%5Etfw\">September 21, 2020<\/a><\/blockquote><script async src=\"https:\/\/platform.twitter.com\/widgets.js\" charset=\"utf-8\"><\/script>\n<\/div><\/figure>\n\n\n\n<figure class=\"wp-block-embed-twitter wp-block-embed is-type-rich is-provider-twitter\"><div class=\"wp-block-embed__wrapper\">\nhttps:\/\/twitter.com\/BBQ44\/status\/1308122197739921409\n<\/div><\/figure>\n\n\n\n<figure class=\"wp-block-embed-twitter wp-block-embed is-type-rich is-provider-twitter\"><div class=\"wp-block-embed__wrapper\">\n<blockquote class=\"twitter-tweet\" data-width=\"550\" data-dnt=\"true\"><p lang=\"en\" dir=\"ltr\">Local bike shop backed up 3 weeks?\u00f0\u0178\u00a4\u201d<br><br>Take the Earn A Bike Park Tool School Bike Maintenance and On-the-Road Bike Repairs Course and be back on the road the next day. \u00f0\u0178\u00a5\u00b3\u00f0\u0178\u0161\u00b2<br><br>Learn more and register at: <a href=\"https:\/\/t.co\/i7CXkUJr6Z\">https:\/\/t.co\/i7CXkUJr6Z<\/a><br><br>REGISTRATION CLOSES FRIDAY <a href=\"https:\/\/t.co\/drPPXbet5t\">pic.twitter.com\/drPPXbet5t<\/a><\/p>&mdash; Earn-A-Bike (@earnabikecoop) <a href=\"https:\/\/twitter.com\/earnabikecoop\/status\/1308123484585889794?ref_src=twsrc%5Etfw\">September 21, 2020<\/a><\/blockquote><script async src=\"https:\/\/platform.twitter.com\/widgets.js\" charset=\"utf-8\"><\/script>\n<\/div><\/figure>\n\n\n\n<figure class=\"wp-block-embed-twitter wp-block-embed is-type-rich is-provider-twitter\"><div class=\"wp-block-embed__wrapper\">\n<blockquote class=\"twitter-tweet\" data-width=\"550\" data-dnt=\"true\"><p lang=\"en\" dir=\"ltr\">Earn A Bike Park Tool School Program is now available ONLINE! Watch the video below to learn all about it!<a href=\"https:\/\/t.co\/IuEQ5uxcQ2\">https:\/\/t.co\/IuEQ5uxcQ2<\/a><\/p>&mdash; Earn-A-Bike (@earnabikecoop) <a href=\"https:\/\/twitter.com\/earnabikecoop\/status\/1308134924977926144?ref_src=twsrc%5Etfw\">September 21, 2020<\/a><\/blockquote><script async src=\"https:\/\/platform.twitter.com\/widgets.js\" charset=\"utf-8\"><\/script>\n<\/div><\/figure>\n\n\n\n<figure class=\"wp-block-embed-twitter wp-block-embed is-type-rich is-provider-twitter\"><div class=\"wp-block-embed__wrapper\">\n<blockquote class=\"twitter-tweet\" data-width=\"550\" data-dnt=\"true\"><p lang=\"en\" dir=\"ltr\">Interesting to see comment after comment after comment by the public in support of improved \u00f0\u0178\u0161\u00b2 infrastructure&#8230; and a couple of tone-deaf business owners make ridiculous claims that no one wants to ride a bike in Austin as they demand that their public parking not be touched.\u00f0\u0178\u00a4\u201d <a href=\"https:\/\/t.co\/dz0p80QJ7v\">https:\/\/t.co\/dz0p80QJ7v<\/a><\/p>&mdash; Bicycle Mayor &#8211; Austin \u00f0\u0178\u0161\u00b2 (@bicyclemayoratx) <a href=\"https:\/\/twitter.com\/bicyclemayoratx\/status\/1308136232455680000?ref_src=twsrc%5Etfw\">September 21, 2020<\/a><\/blockquote><script async src=\"https:\/\/platform.twitter.com\/widgets.js\" charset=\"utf-8\"><\/script>\n<\/div><\/figure>\n\n\n\n<figure class=\"wp-block-embed-twitter wp-block-embed is-type-rich is-provider-twitter\"><div class=\"wp-block-embed__wrapper\">\n<blockquote class=\"twitter-tweet\" data-width=\"550\" data-dnt=\"true\"><p lang=\"en\" dir=\"ltr\">Happy Bike to Work Week awesome Bike People!! Check out our website for some ways to join us in celebrating the best kind of <a href=\"https:\/\/twitter.com\/hashtag\/bikelife?src=hash&amp;ref_src=twsrc%5Etfw\">#bikelife<\/a> at <a href=\"https:\/\/t.co\/Z4EAFuIQqg\">https:\/\/t.co\/Z4EAFuIQqg<\/a> including a Pledge to <a href=\"https:\/\/twitter.com\/hashtag\/bikethere?src=hash&amp;ref_src=twsrc%5Etfw\">#bikethere<\/a> , Bike Bingo AND more!! <a href=\"https:\/\/t.co\/GJEL4uUvGZ\">pic.twitter.com\/GJEL4uUvGZ<\/a><\/p>&mdash; BikeDFW (@BikeDFW) <a href=\"https:\/\/twitter.com\/BikeDFW\/status\/1308140156122263552?ref_src=twsrc%5Etfw\">September 21, 2020<\/a><\/blockquote><script async src=\"https:\/\/platform.twitter.com\/widgets.js\" charset=\"utf-8\"><\/script>\n<\/div><\/figure>\n\n\n\n<figure class=\"wp-block-embed-twitter wp-block-embed is-type-rich is-provider-twitter\"><div class=\"wp-block-embed__wrapper\">\n<blockquote class=\"twitter-tweet\" data-width=\"550\" data-dnt=\"true\"><p lang=\"en\" dir=\"ltr\">Passionate about bikes and want to help shape Austin\u00e2\u20ac\u2122s future? <br>The <a href=\"https:\/\/twitter.com\/hashtag\/BicycleAdvisoryCouncil?src=hash&amp;ref_src=twsrc%5Etfw\">#BicycleAdvisoryCouncil<\/a> is accepting applications through 9\/25!<br><br>Find more details and the application here: <a href=\"https:\/\/t.co\/F7fzhwk3jL\">https:\/\/t.co\/F7fzhwk3jL<\/a><a href=\"https:\/\/twitter.com\/hashtag\/austin?src=hash&amp;ref_src=twsrc%5Etfw\">#austin<\/a> <a href=\"https:\/\/twitter.com\/hashtag\/atx?src=hash&amp;ref_src=twsrc%5Etfw\">#atx<\/a> <a href=\"https:\/\/t.co\/KyrTrUAAJ6\">pic.twitter.com\/KyrTrUAAJ6<\/a><\/p>&mdash; Bicycle Mayor &#8211; Austin \u00f0\u0178\u0161\u00b2 (@bicyclemayoratx) <a href=\"https:\/\/twitter.com\/bicyclemayoratx\/status\/1308045882567385089?ref_src=twsrc%5Etfw\">September 21, 2020<\/a><\/blockquote><script async src=\"https:\/\/platform.twitter.com\/widgets.js\" charset=\"utf-8\"><\/script>\n<\/div><\/figure>\n\n\n\n<figure class=\"wp-block-embed-twitter wp-block-embed is-type-rich is-provider-twitter\"><div class=\"wp-block-embed__wrapper\">\n<blockquote class=\"twitter-tweet\" data-width=\"550\" data-dnt=\"true\"><p lang=\"en\" dir=\"ltr\">And finally, no matter how hard he&#39;s working to keep his mind on this trip and all of the logistics it takes to make it happen, <a href=\"https:\/\/twitter.com\/elmachuca?ref_src=twsrc%5Etfw\">@elmachuca<\/a> is still the funny guy I&#39;ve always known, and never forgets to call home on the \u00f0\u0178\u008d\u0152\u00f0\u0178\u201c\u00b1 &#8211; possibly a sign of the long miles taking a toll \u00f0\u0178\u02dc\u201a <a href=\"https:\/\/t.co\/RHHICkeDZn\">pic.twitter.com\/RHHICkeDZn<\/a><\/p>&mdash; Tony Drewry \u00f0\u0178\u00a6\u201a (@BeerPedaler) <a href=\"https:\/\/twitter.com\/BeerPedaler\/status\/1307807866087190530?ref_src=twsrc%5Etfw\">September 20, 2020<\/a><\/blockquote><script async src=\"https:\/\/platform.twitter.com\/widgets.js\" charset=\"utf-8\"><\/script>\n<\/div><\/figure>\n\n\n\n<figure class=\"wp-block-embed-twitter wp-block-embed is-type-rich is-provider-twitter\"><div class=\"wp-block-embed__wrapper\">\n<blockquote class=\"twitter-tweet\" data-width=\"550\" data-dnt=\"true\"><p lang=\"en\" dir=\"ltr\">Dying, usually. <a href=\"https:\/\/t.co\/ITxqDDrXwF\">https:\/\/t.co\/ITxqDDrXwF<\/a><\/p>&mdash; Docta Aaron N. Chamberlain (@elmachuca) <a href=\"https:\/\/twitter.com\/elmachuca\/status\/1307892640927674370?ref_src=twsrc%5Etfw\">September 21, 2020<\/a><\/blockquote><script async src=\"https:\/\/platform.twitter.com\/widgets.js\" charset=\"utf-8\"><\/script>\n<\/div><\/figure>\n\n\n\n<figure class=\"wp-block-embed-twitter wp-block-embed is-type-rich is-provider-twitter\"><div class=\"wp-block-embed__wrapper\">\n<blockquote class=\"twitter-tweet\" data-width=\"550\" data-dnt=\"true\"><p lang=\"en\" dir=\"ltr\">UHD Bike Club Member Registration open to Students Attending <a href=\"https:\/\/twitter.com\/uhdowntown?ref_src=twsrc%5Etfw\">@uhdowntown<\/a>. Join US! <a href=\"https:\/\/t.co\/LOXVCm8Cd0\">https:\/\/t.co\/LOXVCm8Cd0<\/a><\/p>&mdash; UHDBikeClub (@UHDBikeClub) <a href=\"https:\/\/twitter.com\/UHDBikeClub\/status\/1307912928167854081?ref_src=twsrc%5Etfw\">September 21, 2020<\/a><\/blockquote><script async src=\"https:\/\/platform.twitter.com\/widgets.js\" charset=\"utf-8\"><\/script>\n<\/div><\/figure>\n\n\n\n<figure class=\"wp-block-embed-twitter wp-block-embed is-type-rich is-provider-twitter\"><div class=\"wp-block-embed__wrapper\">\n<blockquote class=\"twitter-tweet\" data-width=\"550\" data-dnt=\"true\"><p lang=\"en\" dir=\"ltr\">We love helping make it a <a href=\"https:\/\/twitter.com\/hashtag\/newbikeday?src=hash&amp;ref_src=twsrc%5Etfw\">#newbikeday<\/a> for our customers! Mr. Cross is looking speedy just standing next to his new Cerv\u00c3\u00a9lo S5.<a href=\"https:\/\/twitter.com\/hashtag\/TexassPremierBikeShop?src=hash&amp;ref_src=twsrc%5Etfw\">#TexassPremierBikeShop<\/a> <a href=\"https:\/\/twitter.com\/hashtag\/BWRides?src=hash&amp;ref_src=twsrc%5Etfw\">#BWRides<\/a> <a href=\"https:\/\/twitter.com\/hashtag\/VisitBicycleWorld?src=hash&amp;ref_src=twsrc%5Etfw\">#VisitBicycleWorld<\/a> <a href=\"https:\/\/twitter.com\/hashtag\/Cervelo?src=hash&amp;ref_src=twsrc%5Etfw\">#Cervelo<\/a> <a href=\"https:\/\/twitter.com\/hashtag\/SSeries?src=hash&amp;ref_src=twsrc%5Etfw\">#SSeries<\/a> <a href=\"https:\/\/twitter.com\/hashtag\/CerveloS5?src=hash&amp;ref_src=twsrc%5Etfw\">#CerveloS5<\/a> <a href=\"https:\/\/twitter.com\/hashtag\/Wacotown?src=hash&amp;ref_src=twsrc%5Etfw\">#Wacotown<\/a> <a href=\"https:\/\/t.co\/jPbAM6qvXC\">pic.twitter.com\/jPbAM6qvXC<\/a><\/p>&mdash; Bicycle World (@BicycleWorldTx) <a href=\"https:\/\/twitter.com\/BicycleWorldTx\/status\/1308013289801232384?ref_src=twsrc%5Etfw\">September 21, 2020<\/a><\/blockquote><script async src=\"https:\/\/platform.twitter.com\/widgets.js\" charset=\"utf-8\"><\/script>\n<\/div><\/figure>\n\n\n\n<div class=\"wp-block-jetpack-markdown\"><hr \/>\n<h1>New Events Added to Texbiker.net Calendar<\/h1>\n<\/div>\n\n\n\n<figure class=\"wp-block-embed-twitter wp-block-embed is-type-rich is-provider-twitter\"><div class=\"wp-block-embed__wrapper\">\n<blockquote class=\"twitter-tweet\" data-width=\"550\" data-dnt=\"true\"><p lang=\"en\" dir=\"ltr\">New Event ARR Sunday Early Ride &#8211; Austin, TX <br>The Austin Mountain Bikers Meetup Group<br>This is a social Intermediate ride! Meet in the parking lot by the swimming pool. Helmets are required along with a bike in good working order. Please arrive around 7:3\u00e2\u20ac\u00a6 <a href=\"https:\/\/t.co\/x4OcgkYsST\">https:\/\/t.co\/x4OcgkYsST<\/a><\/p>&mdash; Rick Ankrum (@texbiker) <a href=\"https:\/\/twitter.com\/texbiker\/status\/1308070894003249152?ref_src=twsrc%5Etfw\">September 21, 2020<\/a><\/blockquote><script async src=\"https:\/\/platform.twitter.com\/widgets.js\" charset=\"utf-8\"><\/script>\n<\/div><\/figure>\n\n\n\n<figure class=\"wp-block-embed-twitter wp-block-embed is-type-rich is-provider-twitter\"><div class=\"wp-block-embed__wrapper\">\n<blockquote class=\"twitter-tweet\" data-width=\"550\" data-dnt=\"true\"><p lang=\"en\" dir=\"ltr\">New Event ARR All Level Ride &#8211; Austin, TX <br>The Austin Mountain Bikers Meetup Group<br>***Effective until further notice- in accordance with our local government- if this ride does not get canceled all riders are asked to practice social distancing and ride \u00e2\u20ac\u00a6 <a href=\"https:\/\/t.co\/3Xk6zWqPMZ\">https:\/\/t.co\/3Xk6zWqPMZ<\/a><\/p>&mdash; Rick Ankrum (@texbiker) <a href=\"https:\/\/twitter.com\/texbiker\/status\/1308070891188817920?ref_src=twsrc%5Etfw\">September 21, 2020<\/a><\/blockquote><script async src=\"https:\/\/platform.twitter.com\/widgets.js\" charset=\"utf-8\"><\/script>\n<\/div><\/figure>\n","protected":false},"excerpt":{"rendered":" <a class=\"more-link\" href=\"https:\/\/www.texbiker.net\/blog\/2020\/09\/21\/texas-biking-news-september-21st-2020\/\"><span class=\"more-msg\">Continue reading &rarr;<\/span><\/a>","protected":false},"author":1,"featured_media":0,"comment_status":"open","ping_status":"open","sticky":false,"template":"","format":"standard","meta":{"_jetpack_memberships_contains_paid_content":false,"footnotes":"","jetpack_publicize_message":"","jetpack_publicize_feature_enabled":true,"jetpack_social_post_already_shared":false,"jetpack_social_options":{"image_generator_settings":{"template":"highway","enabled":false},"version":2}},"categories":[14],"tags":[],"class_list":["post-54171","post","type-post","status-publish","format-standard","hentry","category-bicycling-news"],"jetpack_publicize_connections":[],"jetpack_featured_media_url":"","jetpack_shortlink":"https:\/\/wp.me\/p4tok-e5J","jetpack_sharing_enabled":true,"_links":{"self":[{"href":"https:\/\/www.texbiker.net\/blog\/wp-json\/wp\/v2\/posts\/54171","targetHints":{"allow":["GET"]}}],"collection":[{"href":"https:\/\/www.texbiker.net\/blog\/wp-json\/wp\/v2\/posts"}],"about":[{"href":"https:\/\/www.texbiker.net\/blog\/wp-json\/wp\/v2\/types\/post"}],"author":[{"embeddable":true,"href":"https:\/\/www.texbiker.net\/blog\/wp-json\/wp\/v2\/users\/1"}],"replies":[{"embeddable":true,"href":"https:\/\/www.texbiker.net\/blog\/wp-json\/wp\/v2\/comments?post=54171"}],"version-history":[{"count":1,"href":"https:\/\/www.texbiker.net\/blog\/wp-json\/wp\/v2\/posts\/54171\/revisions"}],"predecessor-version":[{"id":54172,"href":"https:\/\/www.texbiker.net\/blog\/wp-json\/wp\/v2\/posts\/54171\/revisions\/54172"}],"wp:attachment":[{"href":"https:\/\/www.texbiker.net\/blog\/wp-json\/wp\/v2\/media?parent=54171"}],"wp:term":[{"taxonomy":"category","embeddable":true,"href":"https:\/\/www.texbiker.net\/blog\/wp-json\/wp\/v2\/categories?post=54171"},{"taxonomy":"post_tag","embeddable":true,"href":"https:\/\/www.texbiker.net\/blog\/wp-json\/wp\/v2\/tags?post=54171"}],"curies":[{"name":"wp","href":"https:\/\/api.w.org\/{rel}","templated":true}]}}