{"id":54216,"date":"2020-09-26T22:30:40","date_gmt":"2020-09-27T03:30:40","guid":{"rendered":"https:\/\/www.texbiker.net\/blog\/?p=54216"},"modified":"2020-09-26T22:30:47","modified_gmt":"2020-09-27T03:30:47","slug":"texas-biking-action-september-26th-2020","status":"publish","type":"post","link":"https:\/\/www.texbiker.net\/blog\/2020\/09\/26\/texas-biking-action-september-26th-2020\/","title":{"rendered":"Texas Biking Action September 26th 2020"},"content":{"rendered":"\n<div class=\"wp-block-jetpack-markdown\"><h2><a href=\"https:\/\/baytownsun.com\/article_5fb50310-ffa5-11ea-b172-efb112ff98c5.html\">New bike rack to be installed in arts district<\/a><\/h2>\n<h3>Mark Fleming | baytownsun.com<\/h3>\n<p>The Downtown Arts District bike rack installed at the beginning of the year at the corner of West Texas Avenue and North Ashbel Street has been removed by city workers so that it can be repaired, and also serve as a model for a second bike rack for the same area.<\/p>\n<p>Some downtown business owners were concerned this week when the custom-made bike rack, which spells the word \u00e2\u20ac\u0153Arts,\u00e2\u20ac\u009d was nowhere to be found and chipped concrete was where it once stood. &#8230;<\/p>\n<hr \/>\n<h2><a href=\"https:\/\/www.strava.com\/activities\/4116545988\">MTCC Solidarity Ride<\/a><\/h2>\n<h3>Mark Noblitt | www.strava.com<\/h3>\n<p><img data-recalc-dims=\"1\" height=\"1600\" width=\"1200\" decoding=\"async\" src=\"https:\/\/i0.wp.com\/dgtzuqphqg23d.cloudfront.net\/-vkkUQP1KniHHHA_PrSKHai7GxRJkjkfMcGySi4pZTU-1536x2048.jpg?resize=1200%2C1600&#038;ssl=1\" alt=\"\"\/><\/p>\n<p><img data-recalc-dims=\"1\" height=\"900\" width=\"1200\" decoding=\"async\" src=\"https:\/\/i0.wp.com\/dgtzuqphqg23d.cloudfront.net\/jjBvL5x9E3cwGK8AmoDw1WjRJbAxnAX6x2hCSY1mp5s-2048x1536.jpg?resize=1200%2C900&#038;ssl=1\" alt=\"\"\/><\/p>\n<h2><a href=\"https:\/\/www.strava.com\/activities\/4116406917\">Big Cedar<\/a><\/h2>\n<h3>David Cervera | www.strava.com<\/h3>\n<p>First Time back in 4 years! Still one of the toughest trails in the state!\n<img data-recalc-dims=\"1\" height=\"1600\" width=\"1200\" decoding=\"async\" src=\"https:\/\/i0.wp.com\/dgtzuqphqg23d.cloudfront.net\/Xx1YpaJSZCPeG4yXzE2t7zX5SglPxKT4sLSEmZXsCGk-1536x2048.jpg?resize=1200%2C1600&#038;ssl=1\" alt=\"\"\/><\/p>\n<h2><a href=\"https:\/\/www.strava.com\/activities\/4116090622\">New Kit Day w\/ the squad<\/a><\/h2>\n<h3>Jeremy Schwab | www.strava.com<\/h3>\n<p><img data-recalc-dims=\"1\" height=\"900\" width=\"1200\" decoding=\"async\" src=\"https:\/\/i0.wp.com\/dgtzuqphqg23d.cloudfront.net\/dh_5IxlNLx0TJ4ZjEb0dQbcaDVPAzIfkUzvqhsKlcvM-2048x1536.jpg?resize=1200%2C900&#038;ssl=1\" alt=\"\"\/><\/p>\n<h2><a href=\"https:\/\/www.strava.com\/activities\/4115893280\">H2W Training Century \u00f0\u0178\u2019\u00af<\/a><\/h2>\n<h3>Jose Gonsalves-Barreiro | www.strava.com<\/h3>\n<p><img data-recalc-dims=\"1\" height=\"1600\" width=\"1200\" decoding=\"async\" src=\"https:\/\/i0.wp.com\/dgtzuqphqg23d.cloudfront.net\/DS49o67_QrmFHg85xQ8GlhXNMh92vIp17XNsw1hvzWo-1536x2048.jpg?resize=1200%2C1600&#038;ssl=1\" alt=\"\"\/><\/p>\n<h2><a href=\"https:\/\/www.strava.com\/activities\/4115945767\">Quick morning bike ride<\/a><\/h2>\n<h3>Nate McLain | www.strava.com<\/h3>\n<p>Training ride for double century coming up soon. \u00f0\u0178\u02dc\u2030 feels good to get back in the saddle! Time to go to work and get something done while it\u00e2\u20ac\u2122s quiet.\n<img data-recalc-dims=\"1\" height=\"1600\" width=\"1200\" decoding=\"async\" src=\"https:\/\/i0.wp.com\/dgtzuqphqg23d.cloudfront.net\/1e-6aftr9GLGeUTbOSDwrnhBOAkpYqZtggzlUCC8s64-1536x2048.jpg?resize=1200%2C1600&#038;ssl=1\" alt=\"\"\/><\/p>\n<hr \/>\n<h2><a href=\"https:\/\/www.bigspringherald.com\/news\/bikes-across-big-spring-registration-open\/article_a008207a-0025-11eb-a34c-f3d077a8dc4b.html\">Bikes Across Big Spring registration open<\/a><\/h2>\n<h3>Amanda Duforat | www.bigspringherald.com<\/h3>\n<p><img data-recalc-dims=\"1\" decoding=\"async\" src=\"https:\/\/i0.wp.com\/bloximages.newyork1.vip.townnews.com\/bigspringherald.com\/content\/tncms\/assets\/v3\/editorial\/4\/e3\/4e3cc038-0026-11eb-8bfd-03d0687f962f\/5f6f88b09a90f.image.jpg?w=1200&#038;ssl=1\" alt=\"\"\/><\/p>\n<p>The 2nd annual event of Bikes Across Big Spring is taking place at Moss Creek Ranch.<\/p>\n<p>Registration is open from 1 p.m. to 3 p.m. and the opportunity to grab the cards across town is open from 3 p.m. to 6 p.m. Those taking part will meet back at Moss Creek Ranch to turn in the cards gathered.<\/p>\n<p>There are several spots around town &#8211; sponsored by local businesses &#8211; that are &#8230;<\/p>\n<hr \/>\n<\/div>\n\n\n\n<div class=\"wp-block-jetpack-markdown\"><h1>Texas Biking from Twitter<\/h1>\n<\/div>\n\n\n\n<figure class=\"wp-block-embed-twitter wp-block-embed is-type-rich is-provider-twitter\"><div class=\"wp-block-embed__wrapper\">\n<blockquote class=\"twitter-tweet\" data-width=\"550\" data-dnt=\"true\"><p lang=\"en\" dir=\"ltr\">Last night my <a href=\"https:\/\/twitter.com\/TrekBikes?ref_src=twsrc%5Etfw\">@TrekBikes<\/a> Verve +2 left me stranded about 6 miles from home. Fortunately had a lifeline to get back home, but now bike is out of commission for few days \/ weeks while I work through warranty claim. There\u00e2\u20ac\u2122s a known problem with chain ring. Cc: <a href=\"https:\/\/twitter.com\/BoscheBikeUS?ref_src=twsrc%5Etfw\">@BoscheBikeUS<\/a> <a href=\"https:\/\/t.co\/HJDGuP4EKe\">pic.twitter.com\/HJDGuP4EKe<\/a><\/p>&mdash; BiciDude (@robdeleonjr) <a href=\"https:\/\/twitter.com\/robdeleonjr\/status\/1310017221712842753?ref_src=twsrc%5Etfw\">September 27, 2020<\/a><\/blockquote><script async src=\"https:\/\/platform.twitter.com\/widgets.js\" charset=\"utf-8\"><\/script>\n<\/div><\/figure>\n\n\n\n<figure class=\"wp-block-embed-twitter wp-block-embed is-type-rich is-provider-twitter\"><div class=\"wp-block-embed__wrapper\">\n<blockquote class=\"twitter-tweet\" data-width=\"550\" data-dnt=\"true\"><p lang=\"en\" dir=\"ltr\">Beautiful morning for a 10mi Treaty Oak \u00f0\u0178\u0152\u00b3 to McKalla Place \u00f0\u0178\u008f\u0178 ride along Shoal Creek with <a href=\"https:\/\/twitter.com\/LosVerdesATX?ref_src=twsrc%5Etfw\">@LosVerdesATX<\/a> <a href=\"https:\/\/twitter.com\/hashtag\/bikefam?src=hash&amp;ref_src=twsrc%5Etfw\">#bikefam<\/a>. We raised $1,462 for <a href=\"https:\/\/twitter.com\/StJude?ref_src=twsrc%5Etfw\">@StJude<\/a> \u00e2\u20ac\u02dcs research and support for kids fighting cancer. <a href=\"https:\/\/twitter.com\/hashtag\/KickChildhoodCancer?src=hash&amp;ref_src=twsrc%5Etfw\">#KickChildhoodCancer<\/a><br><br>Thanks to <a href=\"https:\/\/twitter.com\/HopsquadBrewing?ref_src=twsrc%5Etfw\">@HopsquadBrewing<\/a> &amp; <a href=\"https:\/\/twitter.com\/shoalcc?ref_src=twsrc%5Etfw\">@shoalcc<\/a> for \u00f0\u0178\u008d\u00bb, \u00e2\u0161\u00bd\u00ef\u00b8\u008f &amp; swag! <a href=\"https:\/\/t.co\/vSnFlIsKNG\">pic.twitter.com\/vSnFlIsKNG<\/a><\/p>&mdash; Mateo (@MateoClarke) <a href=\"https:\/\/twitter.com\/MateoClarke\/status\/1309982249031479297?ref_src=twsrc%5Etfw\">September 26, 2020<\/a><\/blockquote><script async src=\"https:\/\/platform.twitter.com\/widgets.js\" charset=\"utf-8\"><\/script>\n<\/div><\/figure>\n\n\n\n<figure class=\"wp-block-embed-twitter wp-block-embed is-type-rich is-provider-twitter\"><div class=\"wp-block-embed__wrapper\">\n<blockquote class=\"twitter-tweet\" data-width=\"550\" data-dnt=\"true\"><p lang=\"en\" dir=\"ltr\">Check out my ride on Strava.<a href=\"https:\/\/t.co\/xhLsOAgocs\">https:\/\/t.co\/xhLsOAgocs<\/a> <a href=\"https:\/\/t.co\/aFTd0SIaS2\">pic.twitter.com\/aFTd0SIaS2<\/a><\/p>&mdash; Kirk Teske (@KirkTeske) <a href=\"https:\/\/twitter.com\/KirkTeske\/status\/1309949596358017024?ref_src=twsrc%5Etfw\">September 26, 2020<\/a><\/blockquote><script async src=\"https:\/\/platform.twitter.com\/widgets.js\" charset=\"utf-8\"><\/script>\n<\/div><\/figure>\n\n\n\n<figure class=\"wp-block-embed-twitter wp-block-embed is-type-rich is-provider-twitter\"><div class=\"wp-block-embed__wrapper\">\n<blockquote class=\"twitter-tweet\" data-width=\"550\" data-dnt=\"true\"><p lang=\"en\" dir=\"ltr\">Vuelta de Tejas Day 26: Canadian to Booker. First 2\/3 of day: \u00f0\u0178\u00a5\u00b0 Last twenty miles:\u00f0\u0178\u02dc\u00ad Too wiped explain, but will say: 20 mile crosswinds, gusting up to 27. <a href=\"https:\/\/t.co\/4TIXQjUpjx\">pic.twitter.com\/4TIXQjUpjx<\/a><\/p>&mdash; Docta Aaron N. Chamberlain (@elmachuca) <a href=\"https:\/\/twitter.com\/elmachuca\/status\/1309965157464932354?ref_src=twsrc%5Etfw\">September 26, 2020<\/a><\/blockquote><script async src=\"https:\/\/platform.twitter.com\/widgets.js\" charset=\"utf-8\"><\/script>\n<\/div><\/figure>\n\n\n\n<figure class=\"wp-block-embed-twitter wp-block-embed is-type-rich is-provider-twitter\"><div class=\"wp-block-embed__wrapper\">\n<blockquote class=\"twitter-tweet\" data-width=\"550\" data-dnt=\"true\"><p lang=\"en\" dir=\"ltr\">Beautiful day for a bike ride along the bayou! <a href=\"https:\/\/twitter.com\/buffalobayou?ref_src=twsrc%5Etfw\">@buffalobayou<\/a> <a href=\"https:\/\/twitter.com\/DowntownHouston?ref_src=twsrc%5Etfw\">@DowntownHouston<\/a> <a href=\"https:\/\/twitter.com\/hashtag\/dthtx?src=hash&amp;ref_src=twsrc%5Etfw\">#dthtx<\/a> <a href=\"https:\/\/twitter.com\/hashtag\/houston?src=hash&amp;ref_src=twsrc%5Etfw\">#houston<\/a> <a href=\"https:\/\/twitter.com\/hashtag\/bikehouston?src=hash&amp;ref_src=twsrc%5Etfw\">#bikehouston<\/a> <a href=\"https:\/\/twitter.com\/hashtag\/houstonbikes?src=hash&amp;ref_src=twsrc%5Etfw\">#houstonbikes<\/a> <a href=\"https:\/\/t.co\/KlaSGinDD4\">pic.twitter.com\/KlaSGinDD4<\/a><\/p>&mdash; adam j williams (@AdamWillyums) <a href=\"https:\/\/twitter.com\/AdamWillyums\/status\/1309933219639422980?ref_src=twsrc%5Etfw\">September 26, 2020<\/a><\/blockquote><script async src=\"https:\/\/platform.twitter.com\/widgets.js\" charset=\"utf-8\"><\/script>\n<\/div><\/figure>\n\n\n\n<figure class=\"wp-block-embed-twitter wp-block-embed is-type-rich is-provider-twitter\"><div class=\"wp-block-embed__wrapper\">\n<blockquote class=\"twitter-tweet\" data-width=\"550\" data-dnt=\"true\"><p lang=\"en\" dir=\"ltr\">I&#39;m totally wiped out now, but I had such a great morning tackling the hills at <a href=\"https:\/\/twitter.com\/hashtag\/Bastrop?src=hash&amp;ref_src=twsrc%5Etfw\">#Bastrop<\/a> &amp; <a href=\"https:\/\/twitter.com\/hashtag\/Buescher?src=hash&amp;ref_src=twsrc%5Etfw\">#Buescher<\/a> state parks, riding 29 miles with my husband and sister, as part of <a href=\"https:\/\/twitter.com\/hashtag\/BikeMSInsideOut?src=hash&amp;ref_src=twsrc%5Etfw\">#BikeMSInsideOut<\/a> . Thanks, <a href=\"https:\/\/twitter.com\/mssociety?ref_src=twsrc%5Etfw\">@mssociety<\/a> ! <a href=\"https:\/\/twitter.com\/hashtag\/BikeMS?src=hash&amp;ref_src=twsrc%5Etfw\">#BikeMS<\/a> <a href=\"https:\/\/twitter.com\/hashtag\/MSWarriors?src=hash&amp;ref_src=twsrc%5Etfw\">#MSWarriors<\/a> <a href=\"https:\/\/t.co\/Y5voYWeJFH\">pic.twitter.com\/Y5voYWeJFH<\/a><\/p>&mdash; Lisa (@lisadoggettmd) <a href=\"https:\/\/twitter.com\/lisadoggettmd\/status\/1309946043828776964?ref_src=twsrc%5Etfw\">September 26, 2020<\/a><\/blockquote><script async src=\"https:\/\/platform.twitter.com\/widgets.js\" charset=\"utf-8\"><\/script>\n<\/div><\/figure>\n\n\n\n<figure class=\"wp-block-embed-twitter wp-block-embed is-type-rich is-provider-twitter\"><div class=\"wp-block-embed__wrapper\">\n<blockquote class=\"twitter-tweet\" data-width=\"550\" data-dnt=\"true\"><p lang=\"en\" dir=\"ltr\">So excited for our ride today at Bastrop State Park as part of <a href=\"https:\/\/twitter.com\/hashtag\/BikeMSInsideOut?src=hash&amp;ref_src=twsrc%5Etfw\">#BikeMSInsideOut<\/a>. <a href=\"https:\/\/twitter.com\/hashtag\/BikeMS?src=hash&amp;ref_src=twsrc%5Etfw\">#BikeMS<\/a> <a href=\"https:\/\/twitter.com\/hashtag\/bikemsinsideout?src=hash&amp;ref_src=twsrc%5Etfw\">#bikemsinsideout<\/a> <a href=\"https:\/\/twitter.com\/hashtag\/MSWarriors?src=hash&amp;ref_src=twsrc%5Etfw\">#MSWarriors<\/a> <a href=\"https:\/\/t.co\/NezXbXJcIl\">pic.twitter.com\/NezXbXJcIl<\/a><\/p>&mdash; Lisa (@lisadoggettmd) <a href=\"https:\/\/twitter.com\/lisadoggettmd\/status\/1309865086622871559?ref_src=twsrc%5Etfw\">September 26, 2020<\/a><\/blockquote><script async src=\"https:\/\/platform.twitter.com\/widgets.js\" charset=\"utf-8\"><\/script>\n<\/div><\/figure>\n\n\n\n<figure class=\"wp-block-embed-twitter wp-block-embed is-type-rich is-provider-twitter\"><div class=\"wp-block-embed__wrapper\">\n<blockquote class=\"twitter-tweet\" data-width=\"550\" data-dnt=\"true\"><p lang=\"en\" dir=\"ltr\">The face you make when you get to Oklahoma and turn back into the wind. <a href=\"https:\/\/t.co\/xmbSd3rUua\">pic.twitter.com\/xmbSd3rUua<\/a><\/p>&mdash; Docta Aaron N. Chamberlain (@elmachuca) <a href=\"https:\/\/twitter.com\/elmachuca\/status\/1309871537198170114?ref_src=twsrc%5Etfw\">September 26, 2020<\/a><\/blockquote><script async src=\"https:\/\/platform.twitter.com\/widgets.js\" charset=\"utf-8\"><\/script>\n<\/div><\/figure>\n\n\n\n<figure class=\"wp-block-embed-twitter wp-block-embed is-type-rich is-provider-twitter\"><div class=\"wp-block-embed__wrapper\">\n<blockquote class=\"twitter-tweet\" data-width=\"550\" data-dnt=\"true\"><p lang=\"en\" dir=\"ltr\">What a beautiful sunny \u00e2\u02dc\u20ac\u00ef\u00b8\u008f day! Have you visited the Santa Fe Trail lately? \u00f0\u0178\u0152\u00b3 <a href=\"https:\/\/twitter.com\/hashtag\/Dallas?src=hash&amp;ref_src=twsrc%5Etfw\">#Dallas<\/a> <a href=\"https:\/\/twitter.com\/hashtag\/Texas?src=hash&amp;ref_src=twsrc%5Etfw\">#Texas<\/a> <a href=\"https:\/\/t.co\/8QIvn6ncWL\">pic.twitter.com\/8QIvn6ncWL<\/a><\/p>&mdash; Santa Fe Trail (@FoSFT) <a href=\"https:\/\/twitter.com\/FoSFT\/status\/1309884917833240576?ref_src=twsrc%5Etfw\">September 26, 2020<\/a><\/blockquote><script async src=\"https:\/\/platform.twitter.com\/widgets.js\" charset=\"utf-8\"><\/script>\n<\/div><\/figure>\n\n\n\n<figure class=\"wp-block-embed-twitter wp-block-embed is-type-rich is-provider-twitter\"><div class=\"wp-block-embed__wrapper\">\n<blockquote class=\"twitter-tweet\" data-width=\"550\" data-dnt=\"true\"><p lang=\"en\" dir=\"ltr\">Join us October 4 for the BikeTexas Annual Membership Meeting <a href=\"https:\/\/t.co\/zthJvTIMs3\">https:\/\/t.co\/zthJvTIMs3<\/a> <a href=\"https:\/\/t.co\/m6uIpBlfeY\">pic.twitter.com\/m6uIpBlfeY<\/a><\/p>&mdash; BikeTexas (@BikeTexas) <a href=\"https:\/\/twitter.com\/BikeTexas\/status\/1309894213589495819?ref_src=twsrc%5Etfw\">September 26, 2020<\/a><\/blockquote><script async src=\"https:\/\/platform.twitter.com\/widgets.js\" charset=\"utf-8\"><\/script>\n<\/div><\/figure>\n\n\n\n<figure class=\"wp-block-embed-twitter wp-block-embed is-type-rich is-provider-twitter\"><div class=\"wp-block-embed__wrapper\">\n<blockquote class=\"twitter-tweet\" data-width=\"550\" data-dnt=\"true\"><p lang=\"en\" dir=\"ltr\">Lotta this <a href=\"https:\/\/t.co\/9TaghtDcuS\">pic.twitter.com\/9TaghtDcuS<\/a><\/p>&mdash; Docta Aaron N. Chamberlain (@elmachuca) <a href=\"https:\/\/twitter.com\/elmachuca\/status\/1309911915129442305?ref_src=twsrc%5Etfw\">September 26, 2020<\/a><\/blockquote><script async src=\"https:\/\/platform.twitter.com\/widgets.js\" charset=\"utf-8\"><\/script>\n<\/div><\/figure>\n\n\n\n<figure class=\"wp-block-embed-twitter wp-block-embed is-type-rich is-provider-twitter\"><div class=\"wp-block-embed__wrapper\">\n<blockquote class=\"twitter-tweet\" data-width=\"550\" data-dnt=\"true\"><p lang=\"en\" dir=\"ltr\">Thomas made the quick trip to Waco from Dallas &amp; made it a <a href=\"https:\/\/twitter.com\/hashtag\/newbikeday?src=hash&amp;ref_src=twsrc%5Etfw\">#newbikeday<\/a> with this SCOTT Sports Spark RC 900 Team Issue AXS bike! We&#39;re all a little envious of Thomas here at the shop. Can you blame us?<a href=\"https:\/\/twitter.com\/hashtag\/TexassPremierBikeShop?src=hash&amp;ref_src=twsrc%5Etfw\">#TexassPremierBikeShop<\/a> <a href=\"https:\/\/twitter.com\/hashtag\/VisitBicycleWorld?src=hash&amp;ref_src=twsrc%5Etfw\">#VisitBicycleWorld<\/a> <a href=\"https:\/\/twitter.com\/hashtag\/ScottBikes?src=hash&amp;ref_src=twsrc%5Etfw\">#ScottBikes<\/a> <a href=\"https:\/\/twitter.com\/hashtag\/MTB?src=hash&amp;ref_src=twsrc%5Etfw\">#MTB<\/a> <a href=\"https:\/\/twitter.com\/hashtag\/YourLocalBikeShop?src=hash&amp;ref_src=twsrc%5Etfw\">#YourLocalBikeShop<\/a> <a href=\"https:\/\/t.co\/ZM88k0ncTX\">pic.twitter.com\/ZM88k0ncTX<\/a><\/p>&mdash; Bicycle World (@BicycleWorldTx) <a href=\"https:\/\/twitter.com\/BicycleWorldTx\/status\/1309825204747722752?ref_src=twsrc%5Etfw\">September 26, 2020<\/a><\/blockquote><script async src=\"https:\/\/platform.twitter.com\/widgets.js\" charset=\"utf-8\"><\/script>\n<\/div><\/figure>\n","protected":false},"excerpt":{"rendered":" <a class=\"more-link\" href=\"https:\/\/www.texbiker.net\/blog\/2020\/09\/26\/texas-biking-action-september-26th-2020\/\"><span class=\"more-msg\">Continue reading &rarr;<\/span><\/a>","protected":false},"author":1,"featured_media":0,"comment_status":"open","ping_status":"open","sticky":false,"template":"","format":"standard","meta":{"_jetpack_memberships_contains_paid_content":false,"footnotes":"","jetpack_publicize_message":"","jetpack_publicize_feature_enabled":true,"jetpack_social_post_already_shared":false,"jetpack_social_options":{"image_generator_settings":{"template":"highway","enabled":false},"version":2}},"categories":[14],"tags":[],"class_list":["post-54216","post","type-post","status-publish","format-standard","hentry","category-bicycling-news"],"jetpack_publicize_connections":[],"jetpack_featured_media_url":"","jetpack_shortlink":"https:\/\/wp.me\/p4tok-e6s","jetpack_sharing_enabled":true,"_links":{"self":[{"href":"https:\/\/www.texbiker.net\/blog\/wp-json\/wp\/v2\/posts\/54216","targetHints":{"allow":["GET"]}}],"collection":[{"href":"https:\/\/www.texbiker.net\/blog\/wp-json\/wp\/v2\/posts"}],"about":[{"href":"https:\/\/www.texbiker.net\/blog\/wp-json\/wp\/v2\/types\/post"}],"author":[{"embeddable":true,"href":"https:\/\/www.texbiker.net\/blog\/wp-json\/wp\/v2\/users\/1"}],"replies":[{"embeddable":true,"href":"https:\/\/www.texbiker.net\/blog\/wp-json\/wp\/v2\/comments?post=54216"}],"version-history":[{"count":1,"href":"https:\/\/www.texbiker.net\/blog\/wp-json\/wp\/v2\/posts\/54216\/revisions"}],"predecessor-version":[{"id":54217,"href":"https:\/\/www.texbiker.net\/blog\/wp-json\/wp\/v2\/posts\/54216\/revisions\/54217"}],"wp:attachment":[{"href":"https:\/\/www.texbiker.net\/blog\/wp-json\/wp\/v2\/media?parent=54216"}],"wp:term":[{"taxonomy":"category","embeddable":true,"href":"https:\/\/www.texbiker.net\/blog\/wp-json\/wp\/v2\/categories?post=54216"},{"taxonomy":"post_tag","embeddable":true,"href":"https:\/\/www.texbiker.net\/blog\/wp-json\/wp\/v2\/tags?post=54216"}],"curies":[{"name":"wp","href":"https:\/\/api.w.org\/{rel}","templated":true}]}}