{"id":54223,"date":"2020-09-27T23:22:17","date_gmt":"2020-09-28T04:22:17","guid":{"rendered":"https:\/\/www.texbiker.net\/blog\/?p=54223"},"modified":"2020-09-27T23:22:22","modified_gmt":"2020-09-28T04:22:22","slug":"texas-biking-action-september-27th-2020","status":"publish","type":"post","link":"https:\/\/www.texbiker.net\/blog\/2020\/09\/27\/texas-biking-action-september-27th-2020\/","title":{"rendered":"Texas Biking Action September 27th 2020"},"content":{"rendered":"\n<div class=\"wp-block-jetpack-markdown\"><h2><a href=\"https:\/\/www.valleycentral.com\/news\/sheriffs-office-10-mile-bike-ride-raises-awareness-for-childhood-cancer\/\">Sheriff\u00e2\u20ac\u2122s Office 10-mile bike ride raises awareness for childhood cancer<\/a><\/h2>\n<h3>by: Rocio Villalobos | www.valleycentral.com<\/h3>\n<\/div>\n\n\n\n<iframe scrolling=\"no\" frameborder=\"0\" allowfullscreen webkitallowfullscreen mozallowfullscreen allow=\"autoplay; fullscreen\" src=\"https:\/\/w3.cdn.anvato.net\/player\/prod\/v3\/anvload.html?key=eyJtIjoiTElOIiwidiI6IjU4ODgwNjYiLCJhbnZhY2siOiJlMjFWV1F2ejN6UG10WmxtR3VNM3NwbEQwM1FhOTgzdiIsInNoYXJlTGluayI6Imh0dHBzOi8vd3d3LnZhbGxleWNlbnRyYWwuY29tL25ld3Mvc2hlcmlmZnMtb2ZmaWNlLTEwLW1pbGUtYmlrZS1yaWRlLXJhaXNlcy1hd2FyZW5lc3MtZm9yLWNoaWxkaG9vZC1jYW5jZXIvIiwicGx1Z2lucyI6eyJjb21zY29yZSI6eyJjbGllbnRJZCI6IjYwMzY0MzkiLCJjMyI6InZhbGxleWNlbnRyYWwuY29tIiwic2NyaXB0IjoiLy93My5jZG4uYW52YXRvLm5ldC9wbGF5ZXIvcHJvZC92My9wbHVnaW5zL2NvbXNjb3JlL2NvbXNjb3JlcGx1Z2luLm1pbi5qcyIsInVzZURlcml2ZWRNZXRhZGF0YSI6dHJ1ZSwibWFwcGluZyI6eyJ2aWRlbyI6eyJjMyI6InZhbGxleWNlbnRyYWwuY29tIiwibnNfc3Rfc3QiOiJrdmVvIiwibnNfc3RfcHUiOiJOZXhzdGFyIiwibnNfc3RfZ2UiOiJOZXdzLFZpZGVvIiwiY3NfdWNmciI6IiJ9LCJhZCI6eyJjMyI6InZhbGxleWNlbnRyYWwuY29tIiwibnNfc3Rfc3QiOiJrdmVvIiwibnNfc3RfcHUiOiJOZXhzdGFyIiwibnNfc3RfZ2UiOiJOZXdzLFZpZGVvIiwiY3NfdWNmciI6IiJ9fX0sImRmcCI6eyJjbGllbnRTaWRlIjp7ImFkVGFnVXJsIjoiaHR0cHM6Ly9wdWJhZHMuZy5kb3VibGVjbGljay5uZXQvZ2FtcGFkL2Fkcz9zej0xeDEwMDAmaXU9LzU2Nzgvbngua3Zlby9uZXdzJmltcGw9cyZnZGZwX3JlcT0xJmVudj12cCZvdXRwdXQ9dm1hcCZ1bnZpZXdlZF9wb3NpdGlvbl9zdGFydD0xJmFkX3J1bGU9MSZkZXNjcmlwdGlvbl91cmw9aHR0cHM6Ly93d3cudmFsbGV5Y2VudHJhbC5jb20vbmV3cy9zaGVyaWZmcy1vZmZpY2UtMTAtbWlsZS1iaWtlLXJpZGUtcmFpc2VzLWF3YXJlbmVzcy1mb3ItY2hpbGRob29kLWNhbmNlci8mdmNvbnA9MiZjdXN0X3BhcmFtcz12aWQlM0Q1ODg4MDY2JTI2Y21zaWQlM0QxMjk3NDY1JTI2cGlkJTNEMTI5NzQ2NSUyNnZpZGNhdCUzRCUyRm5ld3MlMjZib2JfY2slM0QlNUJib2JfY2tfdmFsJTVEJTI2ZF9jb2RlJTNEbmEwMDMlMjZwbGF5ZXJ3aWR0aCUzRDg3Ni4wMTYlMjZwbGF5ZXJoZWlnaHQlM0Q0OTMifSwibGlicmFyeVJlcXVlc3RlZCI6dHJ1ZX0sImdvb2dsZUFuYWx5dGljcyI6eyJ0cmFja2luZ0lkIjoiVUEtNTk2NzE1MjItNyIsImV2ZW50cyI6eyJBRF9TVEFSVEVEIjp7ImFsaWFzIjoiVmlkZW8tQWQiLCJjYXRlZ29yeSI6IlZpZGVvIiwibGFiZWwiOiJbW1RJVExFXV0ifSwiVklERU9fU1RBUlRFRCI6eyJhbGlhcyI6IlZpZGVvLVBsYXkiLCJjYXRlZ29yeSI6IlZpZGVvIiwibGFiZWwiOiJbW1RJVExFXV0ifSwiVklERU9fRklSU1RfUVVBUlRJTEUiOnsiYWxpYXMiOiJWaWRlby0yNSUiLCJjYXRlZ29yeSI6IlZpZGVvIiwibGFiZWwiOiJbW1RJVExFXV0ifSwiVklERU9fTUlEX1BPSU5UIjp7ImFsaWFzIjoiVmlkZW8tNTAlIiwiY2F0ZWdvcnkiOiJWaWRlbyIsImxhYmVsIjoiW1tUSVRMRV1dIn0sIlZJREVPX1RISVJEX1FVQVJUSUxFIjp7ImFsaWFzIjoiVmlkZW8tNzUlIiwiY2F0ZWdvcnkiOiJWaWRlbyIsImxhYmVsIjoiW1tUSVRMRV1dIn0sIlZJREVPX0NPTVBMRVRFRCI6eyJhbGlhcyI6IlZpZGVvLTEwMCUiLCJjYXRlZ29yeSI6IlZpZGVvIiwibGFiZWwiOiJbW1RJVExFXV0ifSwiVVNFUl9QQVVTRSI6eyJhbGlhcyI6IlBhdXNlIiwiY2F0ZWdvcnkiOiJWaWRlbyIsImxhYmVsIjoiW1tUSVRMRV1dIn0sIlVTRVJfUkVTVU1FIjp7ImFsaWFzIjoiUmVzdW1lIiwiY2F0ZWdvcnkiOiJWaWRlbyIsImxhYmVsIjoiW1tUSVRMRV1dIn19fSwiaGVhbHRoQW5hbHl0aWNzIjp7fX0sImh0bWw1Ijp0cnVlLCJ0b2tlbiI6ImV5SjBlWEFpT2lKS1YxUWlMQ0poYkdjaU9pSklVekkxTmlKOS5leUoyYVdRaU9pSTFPRGc0TURZMklpd2lhWE56SWpvaVpUSXhWbGRSZG5vemVsQnRkRnBzYlVkMVRUTnpjR3hFTUROUllUazRNM1lpTENKbGVIQWlPakUyTURFeU5UazBNalo5LkppYzVUX3hVRWFZbmJJTnJpWXJBWVRYUElwN3VVelhFWnJIcWFtVzMxcjAifQ%3D%3D\"  width =\"640\" height=\"360\"><\/iframe>\n\n\n\n<div class=\"wp-block-jetpack-markdown\"><p>EDINBURG, Texas \u00e2\u20ac\u201d As National Childhood Cancer Awareness month comes to a close, the community teamed up for the Hidalgo County Sheriff\u00e2\u20ac\u2122s Office bike ride in support of the cause.<\/p>\n<p>Cyclists collectively traveled hundreds of miles during the 10-mile ride.<\/p>\n<p>\u00e2\u20ac\u0153Today I\u00e2\u20ac\u2122m going to go on a race and I\u00e2\u20ac\u2122m going to try to win the race for the people that have cancer,\u00e2\u20ac\u009d John De La Rosa, who participated with his dad, said.<\/p>\n<p>The ride began and ended at Edinburg\u00e2\u20ac\u2122s Richard Flores stadium. Many participants were &#8230;<\/p>\n<hr \/>\n<h2><a href=\"https:\/\/www.texasbids.net\/bid_opportunities\/2020\/09\/27\/10573904-trail-construction.html\">Trail Construction<\/a><\/h2>\n<h3>www.texasbids.net<\/h3>\n<p>Construction of a 12&#8242; wide concrete hike and bike trail. Drainage, retaining wall, fencing, and railing improvements are provided at various locations along the length of the project. Additionally, signage for an on-street portion of the bike trail. The work includes, but is not limited to, mobilization, preparation of right-of-way, traffic control, approx. 2,552 SY 5&quot; thick reinforced concrete pavement, 21 LF of 4&#8242; by 3&#8242; reinforced concrete box, 5,362 SF of retaining wall, and 1,116 LF 8&#8242; tall chain link fence.<\/p>\n<hr \/>\n<h2><a href=\"https:\/\/www.kxii.com\/2020\/09\/27\/8-year-old-on-bike-hit-by-van-in-sherman\/\">8-year-old on bike hit by van in Sherman<\/a><\/h2>\n<h3>www.kxii.com<\/h3>\n<p><img data-recalc-dims=\"1\" decoding=\"async\" src=\"https:\/\/i0.wp.com\/gray-kxii-prod.cdn.arcpublishing.com\/resizer\/h9_whRZ-EmucmIH24vkMQZ9A3-k%3D\/1200x675\/smart\/cloudfront-us-east-1.images.arcpublishing.com\/gray\/PBSNGFEEGNAM5LOLN3D7NXNCO4.JPG?w=1200&#038;ssl=1\" alt=\"\"\/><\/p>\n<p>SHERMAN, Texas (KXII) &#8211; A Sherman boy is injured after getting hit by a van while was riding his bike.<\/p>\n<p>Sherman police say the call came in just before 4 p.m. Saturday.<\/p>\n<p>Police say the 8-year-old was riding his bike in Martin Luther King Jr. Park and road out of the driveway, when he was hit by a van.<\/p>\n<p>He was taken to the hospital with severe road rash and a cut on the back of his head.<\/p>\n<p>Police say he was alert and responsive, and his injuries are non-life-threatening.<\/p>\n<hr \/>\n<\/div>\n\n\n\n<figure class=\"wp-block-embed-youtube wp-block-embed is-type-video is-provider-youtube wp-embed-aspect-16-9 wp-has-aspect-ratio\"><div class=\"wp-block-embed__wrapper\">\n<iframe loading=\"lazy\" title=\"Suburban Mountain Biking in Frisco Texas!\" width=\"1200\" height=\"675\" src=\"https:\/\/www.youtube.com\/embed\/jOV5Evd9WYM?feature=oembed\" frameborder=\"0\" allow=\"accelerometer; autoplay; clipboard-write; encrypted-media; gyroscope; picture-in-picture; web-share\" referrerpolicy=\"strict-origin-when-cross-origin\" allowfullscreen><\/iframe>\n<\/div><\/figure>\n\n\n\n<figure class=\"wp-block-embed-youtube wp-block-embed is-type-video is-provider-youtube wp-embed-aspect-16-9 wp-has-aspect-ratio\"><div class=\"wp-block-embed__wrapper\">\n<iframe loading=\"lazy\" title=\"mountain bike  River Legacy Parks in  Arlington Texas  bicicleta de monta\u00f1a\" width=\"1200\" height=\"675\" src=\"https:\/\/www.youtube.com\/embed\/BUr-SBz2DWQ?feature=oembed\" frameborder=\"0\" allow=\"accelerometer; autoplay; clipboard-write; encrypted-media; gyroscope; picture-in-picture; web-share\" referrerpolicy=\"strict-origin-when-cross-origin\" allowfullscreen><\/iframe>\n<\/div><\/figure>\n\n\n\n<figure class=\"wp-block-embed-youtube wp-block-embed is-type-video is-provider-youtube wp-embed-aspect-16-9 wp-has-aspect-ratio\"><div class=\"wp-block-embed__wrapper\">\n<iframe loading=\"lazy\" title=\"Brushy Creek Freeride MTB Park\" width=\"1200\" height=\"675\" src=\"https:\/\/www.youtube.com\/embed\/KTRx6p_-fR8?feature=oembed\" frameborder=\"0\" allow=\"accelerometer; autoplay; clipboard-write; encrypted-media; gyroscope; picture-in-picture; web-share\" referrerpolicy=\"strict-origin-when-cross-origin\" allowfullscreen><\/iframe>\n<\/div><\/figure>\n\n\n\n<figure class=\"wp-block-embed-youtube wp-block-embed is-type-video is-provider-youtube wp-embed-aspect-16-9 wp-has-aspect-ratio\"><div class=\"wp-block-embed__wrapper\">\n<iframe loading=\"lazy\" title=\"YT Capra - First Ride of Fall - Erwin Park Texas - Snakes on the Trail! 4K\" width=\"1200\" height=\"675\" src=\"https:\/\/www.youtube.com\/embed\/fvsSl7CuP2g?feature=oembed\" frameborder=\"0\" allow=\"accelerometer; autoplay; clipboard-write; encrypted-media; gyroscope; picture-in-picture; web-share\" referrerpolicy=\"strict-origin-when-cross-origin\" allowfullscreen><\/iframe>\n<\/div><\/figure>\n\n\n\n<figure class=\"wp-block-embed-youtube wp-block-embed is-type-video is-provider-youtube wp-embed-aspect-16-9 wp-has-aspect-ratio\"><div class=\"wp-block-embed__wrapper\">\n<iframe loading=\"lazy\" title=\"28TH PINEY HILLS CLASSIC MTB \/ TMBRA \/ Ruston, LA  Race \/ Cat 3  50+  \/ Full Lap\" width=\"1200\" height=\"675\" src=\"https:\/\/www.youtube.com\/embed\/BsekYEJ0KCc?feature=oembed\" frameborder=\"0\" allow=\"accelerometer; autoplay; clipboard-write; encrypted-media; gyroscope; picture-in-picture; web-share\" referrerpolicy=\"strict-origin-when-cross-origin\" allowfullscreen><\/iframe>\n<\/div><\/figure>\n\n\n\n<figure class=\"wp-block-embed-youtube wp-block-embed is-type-video is-provider-youtube wp-embed-aspect-16-9 wp-has-aspect-ratio\"><div class=\"wp-block-embed__wrapper\">\n<iframe loading=\"lazy\" title=\"Back at Spider Mountain on the new bike!\" width=\"1200\" height=\"675\" src=\"https:\/\/www.youtube.com\/embed\/J-FnRc7iSlg?feature=oembed\" frameborder=\"0\" allow=\"accelerometer; autoplay; clipboard-write; encrypted-media; gyroscope; picture-in-picture; web-share\" referrerpolicy=\"strict-origin-when-cross-origin\" allowfullscreen><\/iframe>\n<\/div><\/figure>\n\n\n\n<figure class=\"wp-block-embed-youtube wp-block-embed is-type-video is-provider-youtube wp-embed-aspect-16-9 wp-has-aspect-ratio\"><div class=\"wp-block-embed__wrapper\">\n<iframe loading=\"lazy\" title=\"Chris Humphries at Spider Mountain Bike Park\" width=\"1200\" height=\"675\" src=\"https:\/\/www.youtube.com\/embed\/ggaGT8B8UXw?feature=oembed\" frameborder=\"0\" allow=\"accelerometer; autoplay; clipboard-write; encrypted-media; gyroscope; picture-in-picture; web-share\" referrerpolicy=\"strict-origin-when-cross-origin\" allowfullscreen><\/iframe>\n<\/div><\/figure>\n\n\n\n<figure class=\"wp-block-embed-youtube wp-block-embed is-type-video is-provider-youtube wp-embed-aspect-16-9 wp-has-aspect-ratio\"><div class=\"wp-block-embed__wrapper\">\n<iframe loading=\"lazy\" title=\"Bluff Creek Ranch 9\/25\/2020\" width=\"1200\" height=\"675\" src=\"https:\/\/www.youtube.com\/embed\/yLYPk_iQvJk?feature=oembed\" frameborder=\"0\" allow=\"accelerometer; autoplay; clipboard-write; encrypted-media; gyroscope; picture-in-picture; web-share\" referrerpolicy=\"strict-origin-when-cross-origin\" allowfullscreen><\/iframe>\n<\/div><\/figure>\n\n\n\n<figure class=\"wp-block-embed-youtube wp-block-embed is-type-video is-provider-youtube wp-embed-aspect-16-9 wp-has-aspect-ratio\"><div class=\"wp-block-embed__wrapper\">\nhttps:\/\/www.youtube.com\/watch?v=HxqOf0qvQFE\n<\/div><\/figure>\n\n\n\n<div class=\"wp-block-jetpack-markdown\"><hr \/>\n<h1>Texas Biking from Twitter<\/h1>\n<\/div>\n\n\n\n<figure class=\"wp-block-embed-twitter wp-block-embed is-type-rich is-provider-twitter\"><div class=\"wp-block-embed__wrapper\">\n<blockquote class=\"twitter-tweet\" data-width=\"550\" data-dnt=\"true\"><p lang=\"en\" dir=\"ltr\">Regardless of age, this is a great method for learning to ride a bicycle. It may be useful to also remove the pedals when learning to scoot\/glide\/balance, so they&#39;re not in the way.<a href=\"https:\/\/t.co\/hfcVU5uIh9\">https:\/\/t.co\/hfcVU5uIh9<\/a> <a href=\"https:\/\/t.co\/5eBFYGMl50\">pic.twitter.com\/5eBFYGMl50<\/a><\/p>&mdash; Bike Denton (@bikedenton) <a href=\"https:\/\/twitter.com\/bikedenton\/status\/1310210081070309378?ref_src=twsrc%5Etfw\">September 27, 2020<\/a><\/blockquote><script async src=\"https:\/\/platform.twitter.com\/widgets.js\" charset=\"utf-8\"><\/script>\n<\/div><\/figure>\n\n\n\n<figure class=\"wp-block-embed-twitter wp-block-embed is-type-rich is-provider-twitter\"><div class=\"wp-block-embed__wrapper\">\n<blockquote class=\"twitter-tweet\" data-width=\"550\" data-dnt=\"true\"><p lang=\"en\" dir=\"ltr\">Vuelta de Tejas Day 27: Booker to Gruver. FarmVille. Winds were wild again, but mostly in my favor until the last 13 miles. I\u00e2\u20ac\u2122ll take it. <a href=\"https:\/\/t.co\/m7xcgXXr66\">pic.twitter.com\/m7xcgXXr66<\/a><\/p>&mdash; Docta Aaron N. Chamberlain (@elmachuca) <a href=\"https:\/\/twitter.com\/elmachuca\/status\/1310305452337528833?ref_src=twsrc%5Etfw\">September 27, 2020<\/a><\/blockquote><script async src=\"https:\/\/platform.twitter.com\/widgets.js\" charset=\"utf-8\"><\/script>\n<\/div><\/figure>\n\n\n\n<figure class=\"wp-block-embed-twitter wp-block-embed is-type-rich is-provider-twitter\"><div class=\"wp-block-embed__wrapper\">\n<blockquote class=\"twitter-tweet\" data-width=\"550\" data-dnt=\"true\"><p lang=\"en\" dir=\"ltr\">Cloudy up top but still all smiles <a href=\"https:\/\/t.co\/wCdZ2vmWqP\">pic.twitter.com\/wCdZ2vmWqP<\/a><\/p>&mdash; MSU Cycling Team (@MSUCyclingTeam) <a href=\"https:\/\/twitter.com\/MSUCyclingTeam\/status\/1310317564392869888?ref_src=twsrc%5Etfw\">September 27, 2020<\/a><\/blockquote><script async src=\"https:\/\/platform.twitter.com\/widgets.js\" charset=\"utf-8\"><\/script>\n<\/div><\/figure>\n\n\n\n<figure class=\"wp-block-embed-twitter wp-block-embed is-type-rich is-provider-twitter\"><div class=\"wp-block-embed__wrapper\">\n<blockquote class=\"twitter-tweet\" data-width=\"550\" data-dnt=\"true\"><p lang=\"en\" dir=\"ltr\">Our Ride for Freedom today was a big success. We started at the Missouri City Police Station, stopped to visit the Mickey Leland statue at Hermann Park and finished at the Harris County Court House. Thanks to everyone who came out and rode with us! <a href=\"https:\/\/t.co\/rF2FY5WACO\">pic.twitter.com\/rF2FY5WACO<\/a><\/p>&mdash; Rodney Ellis (@RodneyEllis) <a href=\"https:\/\/twitter.com\/RodneyEllis\/status\/1310325182230339586?ref_src=twsrc%5Etfw\">September 27, 2020<\/a><\/blockquote><script async src=\"https:\/\/platform.twitter.com\/widgets.js\" charset=\"utf-8\"><\/script>\n<\/div><\/figure>\n\n\n\n<figure class=\"wp-block-embed-twitter wp-block-embed is-type-rich is-provider-twitter\"><div class=\"wp-block-embed__wrapper\">\n<blockquote class=\"twitter-tweet\" data-width=\"550\" data-dnt=\"true\"><p lang=\"en\" dir=\"ltr\">Hot Girls \u00f0\u0178\u2019\u0081\u00f0\u0178\u008f\u00be\u00e2\u20ac\u008d\u00e2\u2122\u20ac\u00ef\u00b8\u008f riding through your city \u00f0\u0178\u00a4\u02dc\u00f0\u0178\u008f\u00bd@3rdwardtours @letsdothishouston \u00f0\u0178\u0161\u00b2\u00f0\u0178\u2019\u00a8\u00f0\u0178\u017d\u00b6<a href=\"https:\/\/twitter.com\/hashtag\/PrivateRide?src=hash&amp;ref_src=twsrc%5Etfw\">#PrivateRide<\/a> Select your music \u00f0\u0178\u017d\u00b5 playlist to vibe to!! Our guest wanted to vibe to <a href=\"https:\/\/twitter.com\/theestallion?ref_src=twsrc%5Etfw\">@theestallion<\/a>  \u00f0\u0178\u2018\u00b8\u00f0\u0178\u008f\u00bd <a href=\"https:\/\/t.co\/WKtn2UWk80\">pic.twitter.com\/WKtn2UWk80<\/a><\/p>&mdash; LetsDoThisHouston (@letsdothishou) <a href=\"https:\/\/twitter.com\/letsdothishou\/status\/1310326512080556033?ref_src=twsrc%5Etfw\">September 27, 2020<\/a><\/blockquote><script async src=\"https:\/\/platform.twitter.com\/widgets.js\" charset=\"utf-8\"><\/script>\n<\/div><\/figure>\n\n\n\n<div class=\"wp-block-jetpack-markdown\"><hr \/>\n<h1>New Event Added to Texbiker.net Calendar<\/h1>\n<\/div>\n\n\n\n<figure class=\"wp-block-embed-twitter wp-block-embed is-type-rich is-provider-twitter\"><div class=\"wp-block-embed__wrapper\">\n<blockquote class=\"twitter-tweet\" data-width=\"550\" data-dnt=\"true\"><p lang=\"en\" dir=\"ltr\">New Event Lonestar Adventure Race &#8211; Burnet, TX Lonestar Adventure Race at Burnet, TX<a href=\"https:\/\/t.co\/iIwwiChJoG\">https:\/\/t.co\/iIwwiChJoG<\/a><a href=\"https:\/\/t.co\/w0psKbbSTD\">https:\/\/t.co\/w0psKbbSTD<\/a><br><br>Friday November 20, 2020<br>6-8 pm Racer Check In<br>Saturday November 21, 2020<br>7-7:45 am Racer Check In<br>7:45 am Pre-Race Br\u00e2\u20ac\u00a6 <a href=\"https:\/\/t.co\/pQq6EVCKfx\">https:\/\/t.co\/pQq6EVCKfx<\/a><\/p>&mdash; Rick Ankrum (@texbiker) <a href=\"https:\/\/twitter.com\/texbiker\/status\/1310426405902192640?ref_src=twsrc%5Etfw\">September 28, 2020<\/a><\/blockquote><script async src=\"https:\/\/platform.twitter.com\/widgets.js\" charset=\"utf-8\"><\/script>\n<\/div><\/figure>\n","protected":false},"excerpt":{"rendered":" <a class=\"more-link\" href=\"https:\/\/www.texbiker.net\/blog\/2020\/09\/27\/texas-biking-action-september-27th-2020\/\"><span class=\"more-msg\">Continue reading &rarr;<\/span><\/a>","protected":false},"author":1,"featured_media":0,"comment_status":"open","ping_status":"open","sticky":false,"template":"","format":"standard","meta":{"_jetpack_memberships_contains_paid_content":false,"footnotes":"","jetpack_publicize_message":"","jetpack_publicize_feature_enabled":true,"jetpack_social_post_already_shared":false,"jetpack_social_options":{"image_generator_settings":{"template":"highway","enabled":false},"version":2}},"categories":[14],"tags":[],"class_list":["post-54223","post","type-post","status-publish","format-standard","hentry","category-bicycling-news"],"jetpack_publicize_connections":[],"jetpack_featured_media_url":"","jetpack_shortlink":"https:\/\/wp.me\/p4tok-e6z","jetpack_sharing_enabled":true,"_links":{"self":[{"href":"https:\/\/www.texbiker.net\/blog\/wp-json\/wp\/v2\/posts\/54223","targetHints":{"allow":["GET"]}}],"collection":[{"href":"https:\/\/www.texbiker.net\/blog\/wp-json\/wp\/v2\/posts"}],"about":[{"href":"https:\/\/www.texbiker.net\/blog\/wp-json\/wp\/v2\/types\/post"}],"author":[{"embeddable":true,"href":"https:\/\/www.texbiker.net\/blog\/wp-json\/wp\/v2\/users\/1"}],"replies":[{"embeddable":true,"href":"https:\/\/www.texbiker.net\/blog\/wp-json\/wp\/v2\/comments?post=54223"}],"version-history":[{"count":1,"href":"https:\/\/www.texbiker.net\/blog\/wp-json\/wp\/v2\/posts\/54223\/revisions"}],"predecessor-version":[{"id":54224,"href":"https:\/\/www.texbiker.net\/blog\/wp-json\/wp\/v2\/posts\/54223\/revisions\/54224"}],"wp:attachment":[{"href":"https:\/\/www.texbiker.net\/blog\/wp-json\/wp\/v2\/media?parent=54223"}],"wp:term":[{"taxonomy":"category","embeddable":true,"href":"https:\/\/www.texbiker.net\/blog\/wp-json\/wp\/v2\/categories?post=54223"},{"taxonomy":"post_tag","embeddable":true,"href":"https:\/\/www.texbiker.net\/blog\/wp-json\/wp\/v2\/tags?post=54223"}],"curies":[{"name":"wp","href":"https:\/\/api.w.org\/{rel}","templated":true}]}}