{"id":54335,"date":"2020-10-07T23:15:46","date_gmt":"2020-10-08T04:15:46","guid":{"rendered":"https:\/\/www.texbiker.net\/blog\/?p=54335"},"modified":"2020-10-07T23:15:55","modified_gmt":"2020-10-08T04:15:55","slug":"texas-biking-news-october-7th-2020","status":"publish","type":"post","link":"https:\/\/www.texbiker.net\/blog\/2020\/10\/07\/texas-biking-news-october-7th-2020\/","title":{"rendered":"Texas Biking News October 7th 2020"},"content":{"rendered":"\n<div class=\"wp-block-jetpack-markdown\"><h2><a href=\"https:\/\/communityimpact.com\/houston\/heights-river-oaks-montrose\/transportation\/2020\/10\/07\/potential-100-fine-for-parking-in-houstons-bike-lanes-hits-roadblocks\/\">Potential $100 fine for parking in Houston\u00e2\u20ac\u2122s bike lanes hits roadblocks<\/a><\/h2>\n<h3>By Emma Whalen | communityimpact.com<\/h3>\n<p><img data-recalc-dims=\"1\" decoding=\"async\" src=\"https:\/\/i0.wp.com\/communityimpact.com\/uploads\/images\/2020\/10\/07\/87359.jpg?w=1200&#038;ssl=1\" alt=\"\"\/><\/p>\n<p>An effort to ban parking in Houston\u00e2\u20ac\u2122s bike lanes stalled before Houston City Council for the second week in a row Oct. 7.<\/p>\n<p>Council members voted a second time to delay a vote on the new ordinance after failing to agree on the penalties and enforcement measures that come along with it.<\/p>\n<p>As proposed, the new city ordinance would ban drivers from parking in Houston\u00e2\u20ac\u2122s bike lanes. Violators could be &#8230;<\/p>\n<hr \/>\n<h2><a href=\"https:\/\/www.arklatexhomepage.com\/news\/crime\/ttpd-arrests-suspect-in-sunday-hit-and-run-that-left-victim-bleeding-in-the-street\/\">TTPD arrests suspect in Sunday hit-and-run that left victim bleeding in the street<\/a><\/h2>\n<h3>by: Nancy Cook | www.arklatexhomepage.com<\/h3>\n<p>TEXARKANA, TEXAS (KTAL\/KMSS) \u00e2\u20ac\u201c The Texarkana Texas Police Department have arrested a teenager they believe is responsible for hitting a 51-year-old man on a motorized bicycle and leaving him lying in the street with serious injuries.<\/p>\n<p>LaDonta Davis, 17, of Texarkana, Texas, turned himself in Tuesday afternoon and was charged with leaving the scene of an accident involving serious bodily injury.<\/p>\n<p>Davis was allegedly the driver of a vehicle that struck the victim who was riding his bicycle in the &#8230;<\/p>\n<hr \/>\n<h2><a href=\"https:\/\/www.bizjournals.com\/dallas\/news\/2020\/10\/06\/public-safety-initiative.html\">On the Agenda: Public safety, bicycle-pedestrian projects<\/a><\/h2>\n<h3>By Bill Hethcock | www.bizjournals.com<\/h3>\n<p>&#8230; DFW bicycle-pedestrian projects get $23.5M<\/p>\n<p>The Regional Transportation Council of the North Central Texas Council of Governments recently approved $23.5 million in federal funding for construction of 12 active transportation projects in Collin, Dallas and Tarrant counties.<\/p>\n<p>The entities awarded funding will contribute $3.5 million in local match, bringing the total investment in the region\u00e2\u20ac\u2122s bicycle and pedestrian facilities to $27 million as part of the 2020 Transportation Alternatives Program call for projects.<\/p>\n<p>The enhancements are designed to &#8230;<\/p>\n<hr \/>\n<h2><a href=\"https:\/\/www.strava.com\/activities\/4165935082\">EEBR<\/a><\/h2>\n<h3>Sal Mendoza | www.strava.com<\/h3>\n<p><img data-recalc-dims=\"1\" height=\"1600\" width=\"1200\" decoding=\"async\" src=\"https:\/\/i0.wp.com\/dgtzuqphqg23d.cloudfront.net\/mDh4UtiE6S4UAOMsaFdNiEE9g6XVi3dKYnnRoo0lDFo-1536x2048.jpg?resize=1200%2C1600&#038;ssl=1\" alt=\"\"\/><\/p>\n<h2><a href=\"https:\/\/www.strava.com\/activities\/4165715816\">Juvi Speed Train.<\/a><\/h2>\n<h3>Anthony Evans | www.strava.com<\/h3>\n<p><img data-recalc-dims=\"1\" height=\"900\" width=\"1200\" decoding=\"async\" src=\"https:\/\/i0.wp.com\/dgtzuqphqg23d.cloudfront.net\/xUYaMe2M-wxzUSPzbwQg2FcGrjvxQUdjX8oxm9qlPE0-2048x1536.jpg?resize=1200%2C900&#038;ssl=1\" alt=\"\"\/><\/p>\n<h2><a href=\"https:\/\/www.strava.com\/activities\/4165836282\">Give 3 Feet Awareness Ride<\/a><\/h2>\n<h3>Mark Noblitt | www.strava.com<\/h3>\n<p><img data-recalc-dims=\"1\" height=\"1600\" width=\"1200\" decoding=\"async\" src=\"https:\/\/i0.wp.com\/dgtzuqphqg23d.cloudfront.net\/LKW-JUDbUEGVz3uMUhv-XOmSLt8oxJeKezU7AAZibG4-1536x2048.jpg?resize=1200%2C1600&#038;ssl=1\" alt=\"\"\/>\n<img data-recalc-dims=\"1\" height=\"1600\" width=\"1200\" decoding=\"async\" src=\"https:\/\/i0.wp.com\/dgtzuqphqg23d.cloudfront.net\/ErSqjeMhPRgEMLpJ5p6HgkHxM7g5RP9m7c42h5lm5f0-1536x2048.jpg?resize=1200%2C1600&#038;ssl=1\" alt=\"\"\/><\/p>\n<h2><a href=\"https:\/\/www.strava.com\/activities\/4165815738\">Evening ride with Jax<\/a><\/h2>\n<h3>Nate McLain | www.strava.com<\/h3>\n<p><img data-recalc-dims=\"1\" height=\"900\" width=\"1200\" decoding=\"async\" src=\"https:\/\/i0.wp.com\/dgtzuqphqg23d.cloudfront.net\/zrwdwpebzG7ko8FaAt8qjDhv9lEB5_W_bpsnpJmDkKo-2048x1536.jpg?resize=1200%2C900&#038;ssl=1\" alt=\"\"\/><\/p>\n<hr \/>\n<\/div>\n\n\n\n<div class=\"wp-block-jetpack-markdown\"><h1>Texas Biking from Twitter<\/h1>\n<\/div>\n\n\n\n<figure class=\"wp-block-embed-twitter wp-block-embed is-type-rich is-provider-twitter\"><div class=\"wp-block-embed__wrapper\">\n<blockquote class=\"twitter-tweet\" data-width=\"550\" data-dnt=\"true\"><p lang=\"en\" dir=\"ltr\">Great <a href=\"https:\/\/twitter.com\/hashtag\/MTB?src=hash&amp;ref_src=twsrc%5Etfw\">#MTB<\/a> ride in <a href=\"https:\/\/twitter.com\/hashtag\/ATX?src=hash&amp;ref_src=twsrc%5Etfw\">#ATX<\/a> Check out my ride on Strava.<a href=\"https:\/\/t.co\/qKy0aLSl3W\">https:\/\/t.co\/qKy0aLSl3W<\/a> <a href=\"https:\/\/t.co\/86T3ctX7yD\">pic.twitter.com\/86T3ctX7yD<\/a><\/p>&mdash; Stan Paoli (@StanPaoli) <a href=\"https:\/\/twitter.com\/StanPaoli\/status\/1314054503113654272?ref_src=twsrc%5Etfw\">October 8, 2020<\/a><\/blockquote><script async src=\"https:\/\/platform.twitter.com\/widgets.js\" charset=\"utf-8\"><\/script>\n<\/div><\/figure>\n\n\n\n<figure class=\"wp-block-embed-twitter wp-block-embed is-type-rich is-provider-twitter\"><div class=\"wp-block-embed__wrapper\">\n<blockquote class=\"twitter-tweet\" data-width=\"550\" data-dnt=\"true\"><p lang=\"en\" dir=\"ltr\">Dinner in <a href=\"https:\/\/twitter.com\/hashtag\/ATX?src=hash&amp;ref_src=twsrc%5Etfw\">#ATX<\/a> but 1st I must ride&#8230; <a href=\"https:\/\/twitter.com\/hashtag\/mtb?src=hash&amp;ref_src=twsrc%5Etfw\">#mtb<\/a> <a href=\"https:\/\/twitter.com\/hashtag\/cannondale?src=hash&amp;ref_src=twsrc%5Etfw\">#cannondale<\/a> <a href=\"https:\/\/twitter.com\/hashtag\/lefty?src=hash&amp;ref_src=twsrc%5Etfw\">#lefty<\/a> <a href=\"https:\/\/twitter.com\/hashtag\/scalpel?src=hash&amp;ref_src=twsrc%5Etfw\">#scalpel<\/a> <a href=\"https:\/\/t.co\/kLDjpIT0UU\">pic.twitter.com\/kLDjpIT0UU<\/a><\/p>&mdash; Stan Paoli (@StanPaoli) <a href=\"https:\/\/twitter.com\/StanPaoli\/status\/1313965475316076544?ref_src=twsrc%5Etfw\">October 7, 2020<\/a><\/blockquote><script async src=\"https:\/\/platform.twitter.com\/widgets.js\" charset=\"utf-8\"><\/script>\n<\/div><\/figure>\n\n\n\n<figure class=\"wp-block-embed-twitter wp-block-embed is-type-rich is-provider-twitter\"><div class=\"wp-block-embed__wrapper\">\n<blockquote class=\"twitter-tweet\" data-width=\"550\" data-dnt=\"true\"><p lang=\"en\" dir=\"ltr\">Vuelta de Tejas Day 37: Orla to <a href=\"https:\/\/twitter.com\/GuadalupeMtnsNP?ref_src=twsrc%5Etfw\">@GuadalupeMtnsNP<\/a>. Well a little past GMNP. Started crappy with all the oil field traffic. Crossed into New Mexico. Then 20 or so miles of climbing along the park followed by an epic descent. <a href=\"https:\/\/t.co\/wJBb4LIUFA\">pic.twitter.com\/wJBb4LIUFA<\/a><\/p>&mdash; Docta Aaron N. Chamberlain (@elmachuca) <a href=\"https:\/\/twitter.com\/elmachuca\/status\/1313970215265411074?ref_src=twsrc%5Etfw\">October 7, 2020<\/a><\/blockquote><script async src=\"https:\/\/platform.twitter.com\/widgets.js\" charset=\"utf-8\"><\/script>\n<\/div><\/figure>\n\n\n\n<figure class=\"wp-block-embed-twitter wp-block-embed is-type-rich is-provider-twitter\"><div class=\"wp-block-embed__wrapper\">\n<blockquote class=\"twitter-tweet\" data-width=\"550\" data-dnt=\"true\"><p lang=\"und\" dir=\"ltr\">\u00f0\u0178\u02dc\u008d\u00f0\u0178\u00a4\u00a9\u00f0\u0178\u201d\u00a5 <a href=\"https:\/\/t.co\/gHyn5WLd9u\">pic.twitter.com\/gHyn5WLd9u<\/a><\/p>&mdash; Sarah Kamien (@sarahkamien) <a href=\"https:\/\/twitter.com\/sarahkamien\/status\/1313985746458607619?ref_src=twsrc%5Etfw\">October 7, 2020<\/a><\/blockquote><script async src=\"https:\/\/platform.twitter.com\/widgets.js\" charset=\"utf-8\"><\/script>\n<\/div><\/figure>\n\n\n\n<figure class=\"wp-block-embed-twitter wp-block-embed is-type-rich is-provider-twitter\"><div class=\"wp-block-embed__wrapper\">\n<blockquote class=\"twitter-tweet\" data-width=\"550\" data-dnt=\"true\"><p lang=\"en\" dir=\"ltr\">Makeover:  \u00f0\u0178\u2018\u00b7 Congress Ave Edition \u00f0\u0178\u2018\u00b7 The City of Austin is working on implementing additional safety measure to assure riders are kept safe when traveling through the heart of <a href=\"https:\/\/twitter.com\/hashtag\/ATX?src=hash&amp;ref_src=twsrc%5Etfw\">#ATX<\/a>  and we couldn&#39;t be more excited! Be sure to follow us to keep up w\/ the latest updates  \u00f0\u0178\u201c\u00b2 \u00f0\u0178\u0152\u2020\u00f0\u0178\u0161\u00b2\u00f0\u0178\u2019\u00a8 <a href=\"https:\/\/t.co\/TXG5IbhILC\">pic.twitter.com\/TXG5IbhILC<\/a><\/p>&mdash; MetroBike (@ATXMetroBike) <a href=\"https:\/\/twitter.com\/ATXMetroBike\/status\/1314000086297382913?ref_src=twsrc%5Etfw\">October 8, 2020<\/a><\/blockquote><script async src=\"https:\/\/platform.twitter.com\/widgets.js\" charset=\"utf-8\"><\/script>\n<\/div><\/figure>\n\n\n\n<figure class=\"wp-block-embed-twitter wp-block-embed is-type-rich is-provider-twitter\"><div class=\"wp-block-embed__wrapper\">\n<blockquote class=\"twitter-tweet\" data-width=\"550\" data-dnt=\"true\"><p lang=\"und\" dir=\"ltr\"><a href=\"https:\/\/t.co\/s5GhN6oqsS\">pic.twitter.com\/s5GhN6oqsS<\/a><\/p>&mdash; Docta Aaron N. Chamberlain (@elmachuca) <a href=\"https:\/\/twitter.com\/elmachuca\/status\/1313941696095424517?ref_src=twsrc%5Etfw\">October 7, 2020<\/a><\/blockquote><script async src=\"https:\/\/platform.twitter.com\/widgets.js\" charset=\"utf-8\"><\/script>\n<\/div><\/figure>\n\n\n\n<figure class=\"wp-block-embed-twitter wp-block-embed is-type-rich is-provider-twitter\"><div class=\"wp-block-embed__wrapper\">\n<blockquote class=\"twitter-tweet\" data-width=\"550\" data-dnt=\"true\"><p lang=\"en\" dir=\"ltr\">I&#39;m here for that deep dish pizza look \u00f0\u0178\u00a4\u00a9 <a href=\"https:\/\/t.co\/RiYzhE8See\">pic.twitter.com\/RiYzhE8See<\/a><\/p>&mdash; Sarah Kamien (@sarahkamien) <a href=\"https:\/\/twitter.com\/sarahkamien\/status\/1313863532165947393?ref_src=twsrc%5Etfw\">October 7, 2020<\/a><\/blockquote><script async src=\"https:\/\/platform.twitter.com\/widgets.js\" charset=\"utf-8\"><\/script>\n<\/div><\/figure>\n\n\n\n<figure class=\"wp-block-embed-twitter wp-block-embed is-type-rich is-provider-twitter\"><div class=\"wp-block-embed__wrapper\">\n<blockquote class=\"twitter-tweet\" data-width=\"550\" data-dnt=\"true\"><p lang=\"en\" dir=\"ltr\">Join us next weekend for this socially-distant bike ride that will connect cyclists with the public art initiatives and murals in Fort Worth AND support local businesses. More info here: <a href=\"https:\/\/t.co\/yn0fY0EJbW\">https:\/\/t.co\/yn0fY0EJbW<\/a>. <a href=\"https:\/\/twitter.com\/hashtag\/fortworth?src=hash&amp;ref_src=twsrc%5Etfw\">#fortworth<\/a> <a href=\"https:\/\/twitter.com\/hashtag\/visitfortworth?src=hash&amp;ref_src=twsrc%5Etfw\">#visitfortworth<\/a> <a href=\"https:\/\/twitter.com\/hashtag\/fwtx?src=hash&amp;ref_src=twsrc%5Etfw\">#fwtx<\/a> <a href=\"https:\/\/twitter.com\/hashtag\/fwinsta?src=hash&amp;ref_src=twsrc%5Etfw\">#fwinsta<\/a> <a href=\"https:\/\/twitter.com\/hashtag\/bikedfw?src=hash&amp;ref_src=twsrc%5Etfw\">#bikedfw<\/a> <a href=\"https:\/\/t.co\/yYsOVE1rAz\">pic.twitter.com\/yYsOVE1rAz<\/a><\/p>&mdash; Fort Worth Bike Sharing (@fwbikesharing) <a href=\"https:\/\/twitter.com\/fwbikesharing\/status\/1313931076553912326?ref_src=twsrc%5Etfw\">October 7, 2020<\/a><\/blockquote><script async src=\"https:\/\/platform.twitter.com\/widgets.js\" charset=\"utf-8\"><\/script>\n<\/div><\/figure>\n\n\n\n<figure class=\"wp-block-embed-twitter wp-block-embed is-type-rich is-provider-twitter\"><div class=\"wp-block-embed__wrapper\">\n<blockquote class=\"twitter-tweet\" data-width=\"550\" data-dnt=\"true\"><p lang=\"en\" dir=\"ltr\">Catch up on this and follow. <a href=\"https:\/\/twitter.com\/elmachuca?ref_src=twsrc%5Etfw\">@elmachuca<\/a> is riding his bike around the perimeter of Texas. Started in Brownsville headed NE and just turned into west Texas via Kermit. Interested to see the deserted west TX landscapes. Follow on IG &#8211; vueltadetejas and weekly posts on <a href=\"https:\/\/twitter.com\/TexasMonthly?ref_src=twsrc%5Etfw\">@texasmonthly<\/a> <a href=\"https:\/\/t.co\/192xWkmtz8\">https:\/\/t.co\/192xWkmtz8<\/a><\/p>&mdash; JD (@windfarmtx) <a href=\"https:\/\/twitter.com\/windfarmtx\/status\/1313845660127563776?ref_src=twsrc%5Etfw\">October 7, 2020<\/a><\/blockquote><script async src=\"https:\/\/platform.twitter.com\/widgets.js\" charset=\"utf-8\"><\/script>\n<\/div><\/figure>\n\n\n\n<figure class=\"wp-block-embed-twitter wp-block-embed is-type-rich is-provider-twitter\"><div class=\"wp-block-embed__wrapper\">\n<blockquote class=\"twitter-tweet\" data-width=\"550\" data-dnt=\"true\"><p lang=\"en\" dir=\"ltr\">Congrats to the 1st winner of the <a href=\"https:\/\/twitter.com\/hashtag\/BikeThereAlamoArea?src=hash&amp;ref_src=twsrc%5Etfw\">#BikeThereAlamoArea<\/a> Challenge! \u00f0\u0178\u2018\u008f In 2011, James began biking, eventually competing in races &amp; then commuting by bike. He&#39;s continued biking throughout the pandemic &#8211; solo or with his son. He likes how Alamo Commutes incentivizes his commute. \u00f0\u0178\u0161\u00b4\u00e2\u20ac\u008d\u00e2\u2122\u201a\u00ef\u00b8\u008f <a href=\"https:\/\/t.co\/LFgDdfJo7d\">pic.twitter.com\/LFgDdfJo7d<\/a><\/p>&mdash; Alamo Area MPO (@AlamoAreaMPO) <a href=\"https:\/\/twitter.com\/AlamoAreaMPO\/status\/1313849295578296322?ref_src=twsrc%5Etfw\">October 7, 2020<\/a><\/blockquote><script async src=\"https:\/\/platform.twitter.com\/widgets.js\" charset=\"utf-8\"><\/script>\n<\/div><\/figure>\n\n\n\n<figure class=\"wp-block-embed-twitter wp-block-embed is-type-rich is-provider-twitter\"><div class=\"wp-block-embed__wrapper\">\n<blockquote class=\"twitter-tweet\" data-width=\"550\" data-dnt=\"true\"><p lang=\"en\" dir=\"ltr\">Congratulations to Tony Janicik for completing his 75-mile virtual HHH ride!!!<br><br>&quot;Couldn&#39;t actually be there, but, did the 75 mile ride today.  My awesome wife Deb Grif at my rest stop!&quot;<a href=\"https:\/\/t.co\/Aw6i5TBY7b\">https:\/\/t.co\/Aw6i5TBY7b<\/a><\/p>&mdash; Hotter&#39;n Hell 100 (@HotternHell100) <a href=\"https:\/\/twitter.com\/HotternHell100\/status\/1313855495334178816?ref_src=twsrc%5Etfw\">October 7, 2020<\/a><\/blockquote><script async src=\"https:\/\/platform.twitter.com\/widgets.js\" charset=\"utf-8\"><\/script>\n<\/div><\/figure>\n\n\n\n<figure class=\"wp-block-embed-twitter wp-block-embed is-type-rich is-provider-twitter\"><div class=\"wp-block-embed__wrapper\">\n<blockquote class=\"twitter-tweet\" data-width=\"550\" data-dnt=\"true\"><p lang=\"en\" dir=\"ltr\">Last night at the lake <a href=\"https:\/\/t.co\/z4cLFTYW4T\">pic.twitter.com\/z4cLFTYW4T<\/a><\/p>&mdash; Docta Aaron N. Chamberlain (@elmachuca) <a href=\"https:\/\/twitter.com\/elmachuca\/status\/1313826507026952193?ref_src=twsrc%5Etfw\">October 7, 2020<\/a><\/blockquote><script async src=\"https:\/\/platform.twitter.com\/widgets.js\" charset=\"utf-8\"><\/script>\n<\/div><\/figure>\n\n\n\n<figure class=\"wp-block-embed-twitter wp-block-embed is-type-rich is-provider-twitter\"><div class=\"wp-block-embed__wrapper\">\n<blockquote class=\"twitter-tweet\" data-width=\"550\" data-dnt=\"true\"><p lang=\"en\" dir=\"ltr\">I&#39;m at River Trail Country Club in El Paso, TX <a href=\"https:\/\/t.co\/Fp7dflcTtT\">https:\/\/t.co\/Fp7dflcTtT<\/a> <a href=\"https:\/\/t.co\/GxtVzRg2bl\">pic.twitter.com\/GxtVzRg2bl<\/a><\/p>&mdash; Martha A. Boyd (@twittyboyd) <a href=\"https:\/\/twitter.com\/twittyboyd\/status\/1313838020253167618?ref_src=twsrc%5Etfw\">October 7, 2020<\/a><\/blockquote><script async src=\"https:\/\/platform.twitter.com\/widgets.js\" charset=\"utf-8\"><\/script>\n<\/div><\/figure>\n\n\n\n<figure class=\"wp-block-embed-twitter wp-block-embed is-type-rich is-provider-twitter\"><div class=\"wp-block-embed__wrapper\">\n<blockquote class=\"twitter-tweet\" data-width=\"550\" data-dnt=\"true\"><p lang=\"en\" dir=\"ltr\">Bike Ride = Happiness. <br>Would you agree? <a href=\"https:\/\/t.co\/OTB9HBZQzZ\">pic.twitter.com\/OTB9HBZQzZ<\/a><\/p>&mdash; Spokes Fit (@spokesfit) <a href=\"https:\/\/twitter.com\/spokesfit\/status\/1313826680776142848?ref_src=twsrc%5Etfw\">October 7, 2020<\/a><\/blockquote><script async src=\"https:\/\/platform.twitter.com\/widgets.js\" charset=\"utf-8\"><\/script>\n<\/div><\/figure>\n\n\n\n<div class=\"wp-block-jetpack-markdown\"><hr \/>\n<h1>New Events Added to Texbiker.net Calendar<\/h1>\n<\/div>\n\n\n\n<figure class=\"wp-block-embed-twitter wp-block-embed is-type-rich is-provider-twitter\"><div class=\"wp-block-embed__wrapper\">\n<blockquote class=\"twitter-tweet\" data-width=\"550\" data-dnt=\"true\"><p lang=\"en\" dir=\"ltr\">New Event Texas Cycle Werks South Austin Trail Rides &#8211; Austin, TX <br>The Austin Mountain Bikers Meetup Group<br>Texas Cycle Werks, proud sponsors of the ATX100K endurance race series, hosts weekly shop rides each Tuesday and Thursday leaving from the shop in \u00e2\u20ac\u00a6 <a href=\"https:\/\/t.co\/9OPJbCyvCN\">https:\/\/t.co\/9OPJbCyvCN<\/a><\/p>&mdash; Rick Ankrum (@texbiker) <a href=\"https:\/\/twitter.com\/texbiker\/status\/1313822104920489986?ref_src=twsrc%5Etfw\">October 7, 2020<\/a><\/blockquote><script async src=\"https:\/\/platform.twitter.com\/widgets.js\" charset=\"utf-8\"><\/script>\n<\/div><\/figure>\n\n\n\n<figure class=\"wp-block-embed-twitter wp-block-embed is-type-rich is-provider-twitter\"><div class=\"wp-block-embed__wrapper\">\n<blockquote class=\"twitter-tweet\" data-width=\"550\" data-dnt=\"true\"><p lang=\"en\" dir=\"ltr\">New Event GDB Airport Ride &#8211; Virtual Ride For full details, including the address, and to RSVP see: <a href=\"https:\/\/t.co\/T3yhwkSk9a\">https:\/\/t.co\/T3yhwkSk9a<\/a><br><br>The GDB Airport ride is back in the air! Due to Covid-19, we&#39;ve made a few changes in the format of the ride. A couple of the mo\u00e2\u20ac\u00a6 <a href=\"https:\/\/t.co\/5lxbFRvsZV\">https:\/\/t.co\/5lxbFRvsZV<\/a><\/p>&mdash; Rick Ankrum (@texbiker) <a href=\"https:\/\/twitter.com\/texbiker\/status\/1314047966236291072?ref_src=twsrc%5Etfw\">October 8, 2020<\/a><\/blockquote><script async src=\"https:\/\/platform.twitter.com\/widgets.js\" charset=\"utf-8\"><\/script>\n<\/div><\/figure>\n","protected":false},"excerpt":{"rendered":" <a class=\"more-link\" href=\"https:\/\/www.texbiker.net\/blog\/2020\/10\/07\/texas-biking-news-october-7th-2020\/\"><span class=\"more-msg\">Continue reading &rarr;<\/span><\/a>","protected":false},"author":1,"featured_media":0,"comment_status":"open","ping_status":"open","sticky":false,"template":"","format":"standard","meta":{"_jetpack_memberships_contains_paid_content":false,"footnotes":"","jetpack_publicize_message":"","jetpack_publicize_feature_enabled":true,"jetpack_social_post_already_shared":false,"jetpack_social_options":{"image_generator_settings":{"template":"highway","enabled":false},"version":2}},"categories":[14],"tags":[],"class_list":["post-54335","post","type-post","status-publish","format-standard","hentry","category-bicycling-news"],"jetpack_publicize_connections":[],"jetpack_featured_media_url":"","jetpack_shortlink":"https:\/\/wp.me\/p4tok-e8n","jetpack_sharing_enabled":true,"_links":{"self":[{"href":"https:\/\/www.texbiker.net\/blog\/wp-json\/wp\/v2\/posts\/54335","targetHints":{"allow":["GET"]}}],"collection":[{"href":"https:\/\/www.texbiker.net\/blog\/wp-json\/wp\/v2\/posts"}],"about":[{"href":"https:\/\/www.texbiker.net\/blog\/wp-json\/wp\/v2\/types\/post"}],"author":[{"embeddable":true,"href":"https:\/\/www.texbiker.net\/blog\/wp-json\/wp\/v2\/users\/1"}],"replies":[{"embeddable":true,"href":"https:\/\/www.texbiker.net\/blog\/wp-json\/wp\/v2\/comments?post=54335"}],"version-history":[{"count":1,"href":"https:\/\/www.texbiker.net\/blog\/wp-json\/wp\/v2\/posts\/54335\/revisions"}],"predecessor-version":[{"id":54336,"href":"https:\/\/www.texbiker.net\/blog\/wp-json\/wp\/v2\/posts\/54335\/revisions\/54336"}],"wp:attachment":[{"href":"https:\/\/www.texbiker.net\/blog\/wp-json\/wp\/v2\/media?parent=54335"}],"wp:term":[{"taxonomy":"category","embeddable":true,"href":"https:\/\/www.texbiker.net\/blog\/wp-json\/wp\/v2\/categories?post=54335"},{"taxonomy":"post_tag","embeddable":true,"href":"https:\/\/www.texbiker.net\/blog\/wp-json\/wp\/v2\/tags?post=54335"}],"curies":[{"name":"wp","href":"https:\/\/api.w.org\/{rel}","templated":true}]}}