{"id":54343,"date":"2020-10-09T22:51:05","date_gmt":"2020-10-10T03:51:05","guid":{"rendered":"https:\/\/www.texbiker.net\/blog\/?p=54343"},"modified":"2020-10-09T22:51:16","modified_gmt":"2020-10-10T03:51:16","slug":"texas-biking-news-october-9th-2020","status":"publish","type":"post","link":"https:\/\/www.texbiker.net\/blog\/2020\/10\/09\/texas-biking-news-october-9th-2020\/","title":{"rendered":"Texas Biking News October 9th 2020"},"content":{"rendered":"\n<div class=\"wp-block-jetpack-markdown\"><h2><a href=\"https:\/\/news4sanantonio.com\/news\/local\/family-looks-to-make-change-after-losing-father-to-bike-crash\">Family looks to make change after losing father to bike crash<\/a><\/h2>\n<h3>by Amanda Henderson | news4sanantonio.com<\/h3>\n<p><img data-recalc-dims=\"1\" decoding=\"async\" src=\"https:\/\/i0.wp.com\/news4sanantonio.com\/resources\/media\/e8d5fdf8-b019-4d93-917c-001b53af519e-large16x9_1.PNG?w=1200&#038;ssl=1\" alt=\"\"\/><\/p>\n<p>SAN ANTONIO- A father of four lost his life while riding his bike in far South Bexar County off of Highway 281 and now, his loved ones have an urgent warning to other drivers and a heartfelt message about their dad.<\/p>\n<p>&quot;I&#8217;m really proud of being his son,&quot; son Specialist Juan Garcia III said.<\/p>\n<p>&quot;He was a really funny person he made jokes all the time,&quot; daughter Abigail Garcia said.<\/p>\n<p>Both children also said it feels as though they are stuck in a bad dream and are in &#8230;<\/p>\n<hr \/>\n<h2><a href=\"https:\/\/www.houstoniamag.com\/arts-and-culture\/2020\/10\/5-things-to-do-in-houston-this-weekend-oct-9-11?utm_content=142098098&amp;utm_medium=social&amp;utm_source=twitter&amp;hss_channel=tw-1115166620\">5 Things to Do in Houston This Weekend, Oct 9\u00e2\u20ac\u201c11<\/a><\/h2>\n<h3>By Emma Schkloven | www.houstoniamag.com<\/h3>\n<p><img data-recalc-dims=\"1\" decoding=\"async\" src=\"https:\/\/i0.wp.com\/res.cloudinary.com\/sagacity\/image\/upload\/c_crop%2Ch_500%2Cw_1000%2Cx_0%2Cy_0\/c_limit%2Cdpr_auto%2Cf_auto%2Cfl_lossy%2Cq_80%2Cw_1080\/Bike_mural_6__o61uij.jpg?w=1200&#038;ssl=1\" alt=\"\"\/><\/p>\n<p>&#8230; Unicorn Bike Show<\/p>\n<p>Anything can be a work of art\u00e2\u20ac\u201deven your bike. This weekend nonprofit bike sharing program Houston BCycle is proving that with its Unicorn Bike Show at Sawyer Yards. Local artists have hand-painted 10 bikes, using public murals they had previously painted in the city as inspiration. All the bikes, along with large-scale photography of the original murals, will be showcased together at this outdoor exhibition during this month\u00e2\u20ac\u2122s Second Saturday at Sawyer Park. The event is free, but face masks are required.<\/p>\n<p>Oct. 10. Free. Online. Sawyer Yards, 2010 Winter St. More info at sawyeryards.com. &#8230;<\/p>\n<hr \/>\n<h2><a href=\"https:\/\/www.houstonchronicle.com\/news\/transportation\/article\/Houston-delays-vote-to-prohibit-parking-in-bike-15627971.php?utm_campaign=CMS%20Sharing%20Tools%20(Premium)&amp;utm_source=t.co&amp;utm_medium=referral\">Houston delays vote to prohibit parking in bike lanes amid questions about enforcement<\/a><\/h2>\n<h3>Dylan McGuinness | www.houstonchronicle.com<\/h3>\n<p><img data-recalc-dims=\"1\" decoding=\"async\" src=\"https:\/\/i0.wp.com\/s.hdnux.com\/photos\/01\/14\/44\/56\/20073353\/5\/940x0.jpg?w=1200&#038;ssl=1\" alt=\"\"\/><\/p>\n<p>A prohibition on parking in Houston\u00e2\u20ac\u2122s bike lanes will have to wait another week amid city council confusion about enforcement strategy.<\/p>\n<p>City council opted Wednesday to delay a vote on an ordinance that would forbid motorists from blocking the lanes amid questions about whether the city can offer a free educational class in lieu of a $100 fine for initial violations.<\/p>\n<p>The original ordinance \u00e2\u20ac\u201d which was delayed last week \u00e2\u20ac\u201d called for &#8230;<\/p>\n<hr \/>\n<\/div>\n\n\n\n<figure class=\"wp-block-embed-reddit wp-block-embed is-type-rich is-provider-reddit\"><div class=\"wp-block-embed__wrapper\">\n    <blockquote class=\"reddit-card\" >      <a href=\"https:\/\/www.reddit.com\/r\/BikingATX\/comments\/j83au4\/the_ybc_urban_trail_yoak_hill_to_barton\/?ref_source=embed&amp;ref=share\">The YBC Urban Trail (Y-Oak Hill to Barton Creek\/Mopac), a decade in planning, is now &quot;on hold&quot;<\/a> from      <a href=\"https:\/\/www.reddit.com\/r\/BikingATX\/\">BikingATX<\/a>    <\/blockquote>    <script async src=\"https:\/\/embed.redditmedia.com\/widgets\/platform.js\" charset=\"UTF-8\"><\/script>\n<\/div><\/figure>\n\n\n\n<div class=\"wp-block-jetpack-markdown\"><\/div>\n\n\n\n<div class=\"wp-block-jetpack-markdown\"><hr \/>\n<h2><a href=\"https:\/\/www.facebook.com\/alamoareampo\/photos\/a.158308568709\/10157994721503710\/\">Meet the 2nd winner of the #BikeThereAlamoArea Challenge- Rudy<\/a><\/h2>\n<h3>Alamo Area Metropolitan Planning Organization | www.facebook.com<\/h3>\n<p><img decoding=\"async\" src=\"https:\/\/scontent-dfw5-1.xx.fbcdn.net\/v\/t1.0-9\/121106955_10157994721508710_5704087753468965216_o.jpg?_nc_cat=103&amp;_nc_sid=8024bb&amp;_nc_ohc=o_2vuWpZwQIAX9IBoN5&amp;_nc_ht=scontent-dfw5-1.xx&amp;oh=a01d942e84807696735ac8edd3362192&amp;oe=5FA7DE88\" alt=\"\"\/><\/p>\n<p>&quot;My cycling story began in 2017 when I purchased a bike from Walmart to commute to work, about 8-10 miles a day. This was all great until my wheel broke in 2018 and I wasn&#8217;t able to fix my bike. This year I moved downtown and I noticed a large amount of people riding as groups. I was inspired to purchase another bike.<\/p>\n<p>Since April, I&#8217;ve been riding daily and have lost over 20 pounds since the pandemic stated. I attribute riding to easing the &#8230;<\/p>\n<hr \/>\n<h2><a href=\"https:\/\/austinmountainbiking.com\/index.php?\/topic\/2348-new-trail-review-grelle-recreation-area\/&amp;tab=comments#comment-39972\">New Trail Review &#8211; Grelle Recreation Area<\/a><\/h2>\n<h3>By AustinBike | austinmountainbiking.com<\/h3>\n<p><img data-recalc-dims=\"1\" decoding=\"async\" src=\"https:\/\/i0.wp.com\/austinmountainbiking.com\/uploads\/monthly_2020_10\/x-header.JPG.326a2e632fe84a3b5facef95aab548af.JPG?w=1200&#038;ssl=1\" alt=\"\"\/><\/p>\n<p>OK, COVID is starting to loosen up and AustinBike World Headquarters is starting to approve travel requests so I can start doing trail reviews again.<\/p>\n<p>This week I went out to Grelle Recreation area, which is just west of Muleshoe off of 71.<\/p>\n<p>Here is the full review: http:\/\/www.austinbike.com\/index.php\/west-of-austin\/378-grelle<\/p>\n<p>If you are a hard core rider and want to ride with others at your level,  I would not recommend making the trek out there, it is like Muleshoe but without as much trail (only 8.5, I think MS is 9.8 officially I usually track between 10-12 per lap.) If you have kids, a spouse, or friends that want to get into biking and you &#8230;<\/p>\n<hr \/>\n<\/div>\n\n\n\n<div class=\"wp-block-jetpack-markdown\"><h1>Texas Biking from Twitter<\/h1>\n<\/div>\n\n\n\n<figure class=\"wp-block-embed-twitter wp-block-embed is-type-rich is-provider-twitter\"><div class=\"wp-block-embed__wrapper\">\n<blockquote class=\"twitter-tweet\" data-width=\"550\" data-dnt=\"true\"><p lang=\"en\" dir=\"ltr\">Crews are making things happen on Congress Ave between Riverside Dr. &amp; 2nd St. <a href=\"https:\/\/twitter.com\/austinmobility?ref_src=twsrc%5Etfw\">@austinmobility<\/a> is installing interim safety and mobility improvements, including protected bike lanes using parking stops and flex posts. Learn more about these changes: <a href=\"https:\/\/t.co\/PidbhjnkJZ\">https:\/\/t.co\/PidbhjnkJZ<\/a> <a href=\"https:\/\/t.co\/ZW6wYL6tBX\">pic.twitter.com\/ZW6wYL6tBX<\/a><\/p>&mdash; Austin 3-1-1 (@ATX_311) <a href=\"https:\/\/twitter.com\/ATX_311\/status\/1314724829526921216?ref_src=twsrc%5Etfw\">October 10, 2020<\/a><\/blockquote><script async src=\"https:\/\/platform.twitter.com\/widgets.js\" charset=\"utf-8\"><\/script>\n<\/div><\/figure>\n\n\n\n<figure class=\"wp-block-embed-twitter wp-block-embed is-type-rich is-provider-twitter\"><div class=\"wp-block-embed__wrapper\">\n<blockquote class=\"twitter-tweet\" data-width=\"550\" data-dnt=\"true\"><p lang=\"en\" dir=\"ltr\">More world-class bike lanes in <a href=\"https:\/\/twitter.com\/hashtag\/Houston?src=hash&amp;ref_src=twsrc%5Etfw\">#Houston<\/a> thanks to a generous donation by Harris Cty Commissioner <a href=\"https:\/\/twitter.com\/RodneyEllis?ref_src=twsrc%5Etfw\">@RodneyEllis<\/a>, in partnership with <a href=\"https:\/\/twitter.com\/HoustonPlanning?ref_src=twsrc%5Etfw\">@HoustonPlanning<\/a> \/<a href=\"https:\/\/twitter.com\/HouPublicWorks?ref_src=twsrc%5Etfw\">@HouPublicWorks<\/a> et al. Makes me miss one of my other \u00f0\u0178\u008f\u00a1\u00e2\u20ac\u2122s away from home. <a href=\"https:\/\/twitter.com\/hashtag\/StreetsForPeople?src=hash&amp;ref_src=twsrc%5Etfw\">#StreetsForPeople<\/a> <a href=\"https:\/\/twitter.com\/hashtag\/MoreBikeLanes?src=hash&amp;ref_src=twsrc%5Etfw\">#MoreBikeLanes<\/a> <a href=\"https:\/\/twitter.com\/hashtag\/HTXRenaissance?src=hash&amp;ref_src=twsrc%5Etfw\">#HTXRenaissance<\/a> <a href=\"https:\/\/t.co\/LrMnxo37D1\">https:\/\/t.co\/LrMnxo37D1<\/a><\/p>&mdash; Pepe Lucho #BLM (@cmoney_htx) <a href=\"https:\/\/twitter.com\/cmoney_htx\/status\/1314741390253924356?ref_src=twsrc%5Etfw\">October 10, 2020<\/a><\/blockquote><script async src=\"https:\/\/platform.twitter.com\/widgets.js\" charset=\"utf-8\"><\/script>\n<\/div><\/figure>\n\n\n\n<figure class=\"wp-block-embed-twitter wp-block-embed is-type-rich is-provider-twitter\"><div class=\"wp-block-embed__wrapper\">\n<blockquote class=\"twitter-tweet\" data-width=\"550\" data-dnt=\"true\"><p lang=\"en\" dir=\"ltr\">2033 miles in after today. Cool. <a href=\"https:\/\/t.co\/DgLOcZbWkw\">https:\/\/t.co\/DgLOcZbWkw<\/a><\/p>&mdash; Docta Aaron N. Chamberlain (@elmachuca) <a href=\"https:\/\/twitter.com\/elmachuca\/status\/1314691462957879296?ref_src=twsrc%5Etfw\">October 9, 2020<\/a><\/blockquote><script async src=\"https:\/\/platform.twitter.com\/widgets.js\" charset=\"utf-8\"><\/script>\n<\/div><\/figure>\n\n\n\n<figure class=\"wp-block-embed-twitter wp-block-embed is-type-rich is-provider-twitter\"><div class=\"wp-block-embed__wrapper\">\n<blockquote class=\"twitter-tweet\" data-width=\"550\" data-dnt=\"true\"><p lang=\"en\" dir=\"ltr\">AAron Chamberlain is riding his bike around the entire perimeter of Texas.  That&#39;s 3,046 miles!  Today is his lucky day because he reaches the Sun City!  <a href=\"https:\/\/twitter.com\/elmachuca?ref_src=twsrc%5Etfw\">@elmachuca<\/a> <a href=\"https:\/\/t.co\/RoqlqWmvli\">https:\/\/t.co\/RoqlqWmvli<\/a><\/p>&mdash; Visit El Paso (@VisitElPasoTX) <a href=\"https:\/\/twitter.com\/VisitElPasoTX\/status\/1314581518061318145?ref_src=twsrc%5Etfw\">October 9, 2020<\/a><\/blockquote><script async src=\"https:\/\/platform.twitter.com\/widgets.js\" charset=\"utf-8\"><\/script>\n<\/div><\/figure>\n\n\n\n<figure class=\"wp-block-embed-twitter wp-block-embed is-type-rich is-provider-twitter\"><div class=\"wp-block-embed__wrapper\">\n<blockquote class=\"twitter-tweet\" data-width=\"550\" data-dnt=\"true\"><p lang=\"en\" dir=\"ltr\">Vuelta de Tejas 39: Into El Paso. Great descent into town. Straight to the bike shop! <a href=\"https:\/\/t.co\/E5Nj47Vrrc\">pic.twitter.com\/E5Nj47Vrrc<\/a><\/p>&mdash; Docta Aaron N. Chamberlain (@elmachuca) <a href=\"https:\/\/twitter.com\/elmachuca\/status\/1314658512040058880?ref_src=twsrc%5Etfw\">October 9, 2020<\/a><\/blockquote><script async src=\"https:\/\/platform.twitter.com\/widgets.js\" charset=\"utf-8\"><\/script>\n<\/div><\/figure>\n\n\n\n<figure class=\"wp-block-embed-twitter wp-block-embed is-type-rich is-provider-twitter\"><div class=\"wp-block-embed__wrapper\">\n<blockquote class=\"twitter-tweet\" data-width=\"550\" data-dnt=\"true\"><p lang=\"en\" dir=\"ltr\">A crawl back to normalcy but we must start somewhere right? <a href=\"https:\/\/twitter.com\/ATLtrackclub?ref_src=twsrc%5Etfw\">@ATLtrackclub<\/a> <a href=\"https:\/\/t.co\/SVV6RvQHzj\">pic.twitter.com\/SVV6RvQHzj<\/a><\/p>&mdash; Cadence Sports (@cadencesports) <a href=\"https:\/\/twitter.com\/cadencesports\/status\/1314663942694735872?ref_src=twsrc%5Etfw\">October 9, 2020<\/a><\/blockquote><script async src=\"https:\/\/platform.twitter.com\/widgets.js\" charset=\"utf-8\"><\/script>\n<\/div><\/figure>\n\n\n\n<figure class=\"wp-block-embed-twitter wp-block-embed is-type-rich is-provider-twitter\"><div class=\"wp-block-embed__wrapper\">\n<blockquote class=\"twitter-tweet\" data-width=\"550\" data-dnt=\"true\"><p lang=\"en\" dir=\"ltr\">Double bike shop day. <a href=\"https:\/\/t.co\/WOBOSfIq7J\">pic.twitter.com\/WOBOSfIq7J<\/a><\/p>&mdash; Docta Aaron N. Chamberlain (@elmachuca) <a href=\"https:\/\/twitter.com\/elmachuca\/status\/1314681523438784512?ref_src=twsrc%5Etfw\">October 9, 2020<\/a><\/blockquote><script async src=\"https:\/\/platform.twitter.com\/widgets.js\" charset=\"utf-8\"><\/script>\n<\/div><\/figure>\n\n\n\n<figure class=\"wp-block-embed-twitter wp-block-embed is-type-rich is-provider-twitter\"><div class=\"wp-block-embed__wrapper\">\n<blockquote class=\"twitter-tweet\" data-width=\"550\" data-dnt=\"true\"><p lang=\"en\" dir=\"ltr\">Meet the 2nd winner of the <a href=\"https:\/\/twitter.com\/hashtag\/BikeThereAlamoArea?src=hash&amp;ref_src=twsrc%5Etfw\">#BikeThereAlamoArea<\/a> Challenge- Rudy. \u00f0\u0178\u0161\u00b2 Learn about his great story here. <br>\u00f0\u0178\u2018\u2030<a href=\"https:\/\/t.co\/z5VEXVwzkv\">https:\/\/t.co\/z5VEXVwzkv<\/a><br> <br>The Bike There Challenge may be over, but you still have the chance to win prizes through the Scavenger Hunt, ending Nov. 30. <a href=\"https:\/\/t.co\/np6ZR4O7PB\">pic.twitter.com\/np6ZR4O7PB<\/a><\/p>&mdash; Alamo Area MPO (@AlamoAreaMPO) <a href=\"https:\/\/twitter.com\/AlamoAreaMPO\/status\/1314688375908073473?ref_src=twsrc%5Etfw\">October 9, 2020<\/a><\/blockquote><script async src=\"https:\/\/platform.twitter.com\/widgets.js\" charset=\"utf-8\"><\/script>\n<\/div><\/figure>\n\n\n\n<figure class=\"wp-block-embed-twitter wp-block-embed is-type-rich is-provider-twitter\"><div class=\"wp-block-embed__wrapper\">\n<blockquote class=\"twitter-tweet\" data-width=\"550\" data-dnt=\"true\"><p lang=\"en\" dir=\"ltr\">Might or might not have been some kind of glitch with ZOOM. We carefully (slammed) closed the laptop and went on a halloween decoration hunt\/urban trail ride. <a href=\"https:\/\/twitter.com\/hashtag\/GrammyAndPopKindergarten?src=hash&amp;ref_src=twsrc%5Etfw\">#GrammyAndPopKindergarten<\/a> <a href=\"https:\/\/t.co\/qCIefUXE1C\">pic.twitter.com\/qCIefUXE1C<\/a><\/p>&mdash; Martin Russell \u00f0\u0178\u0161\u00b2\u00f0\u0178\u0090\u009d\u00f0\u0178\u0090\u00bf\u00ef\u00b8\u008f (@russell_dallas) <a href=\"https:\/\/twitter.com\/russell_dallas\/status\/1314616981476311042?ref_src=twsrc%5Etfw\">October 9, 2020<\/a><\/blockquote><script async src=\"https:\/\/platform.twitter.com\/widgets.js\" charset=\"utf-8\"><\/script>\n<\/div><\/figure>\n\n\n\n<figure class=\"wp-block-embed-twitter wp-block-embed is-type-rich is-provider-twitter\"><div class=\"wp-block-embed__wrapper\">\n<blockquote class=\"twitter-tweet\" data-width=\"550\" data-dnt=\"true\"><p lang=\"en\" dir=\"ltr\">Come along for Murals, Miles and Melt, a socially-distant bike ride that will support Fort Worth\u00e2\u20ac\u2122s mural scene, local businesses and the bike sharing system. It will be the perfect way to enjoy next Saturday! <a href=\"https:\/\/twitter.com\/hashtag\/visitfortworth?src=hash&amp;ref_src=twsrc%5Etfw\">#visitfortworth<\/a> <a href=\"https:\/\/twitter.com\/hashtag\/fortworth?src=hash&amp;ref_src=twsrc%5Etfw\">#fortworth<\/a> <a href=\"https:\/\/twitter.com\/hashtag\/fwtx?src=hash&amp;ref_src=twsrc%5Etfw\">#fwtx<\/a> <a href=\"https:\/\/twitter.com\/hashtag\/fortworthart?src=hash&amp;ref_src=twsrc%5Etfw\">#fortworthart<\/a> <a href=\"https:\/\/t.co\/yn0fY0EJbW\">https:\/\/t.co\/yn0fY0EJbW<\/a><\/p>&mdash; Fort Worth Bike Sharing (@fwbikesharing) <a href=\"https:\/\/twitter.com\/fwbikesharing\/status\/1314636583547568129?ref_src=twsrc%5Etfw\">October 9, 2020<\/a><\/blockquote><script async src=\"https:\/\/platform.twitter.com\/widgets.js\" charset=\"utf-8\"><\/script>\n<\/div><\/figure>\n\n\n\n<figure class=\"wp-block-embed-twitter wp-block-embed is-type-rich is-provider-twitter\"><div class=\"wp-block-embed__wrapper\">\n<blockquote class=\"twitter-tweet\" data-width=\"550\" data-dnt=\"true\"><p lang=\"en\" dir=\"ltr\">Best thing seen on the spin to work? This youngster learning to ride.<br><br>What a great use of a Friday.<a href=\"https:\/\/twitter.com\/hashtag\/rideyourbike?src=hash&amp;ref_src=twsrc%5Etfw\">#rideyourbike<\/a> <a href=\"https:\/\/t.co\/lrjrjavaIr\">pic.twitter.com\/lrjrjavaIr<\/a><\/p>&mdash; mellowjohnnys (@mellowjohnnys) <a href=\"https:\/\/twitter.com\/mellowjohnnys\/status\/1314640890351288321?ref_src=twsrc%5Etfw\">October 9, 2020<\/a><\/blockquote><script async src=\"https:\/\/platform.twitter.com\/widgets.js\" charset=\"utf-8\"><\/script>\n<\/div><\/figure>\n\n\n\n<figure class=\"wp-block-embed-twitter wp-block-embed is-type-rich is-provider-twitter\"><div class=\"wp-block-embed__wrapper\">\n<blockquote class=\"twitter-tweet\" data-width=\"550\" data-dnt=\"true\"><p lang=\"en\" dir=\"ltr\">Students took part in Texas Tech Outdoor Pursuits&#39; Bike Ride to Prairie Dog Town this evening. Outdoor Pursuits hosts weekly bike rides, along with other activities. <a href=\"https:\/\/t.co\/gc3M3wD681\">pic.twitter.com\/gc3M3wD681<\/a><\/p>&mdash; DT Multimedia (@DT_Photo) <a href=\"https:\/\/twitter.com\/DT_Photo\/status\/1313990132601556994?ref_src=twsrc%5Etfw\">October 7, 2020<\/a><\/blockquote><script async src=\"https:\/\/platform.twitter.com\/widgets.js\" charset=\"utf-8\"><\/script>\n<\/div><\/figure>\n\n\n\n<figure class=\"wp-block-embed-twitter wp-block-embed is-type-rich is-provider-twitter\"><div class=\"wp-block-embed__wrapper\">\n<blockquote class=\"twitter-tweet\" data-width=\"550\" data-dnt=\"true\"><p lang=\"en\" dir=\"ltr\">Congratulations to Ruth Atkinson Davis for doing her first ever 100 mile ride, &amp; it was at our virtual HHH!!!<br><br>&quot;Started riding on a borrowed bike, June 3rd, furthest I have ever ridden before yesterday&#39;s 100.31 miles was 52 miles, It wasn&#39;t easy but it was great fun! I did it!&quot; <a href=\"https:\/\/t.co\/uSSTym4hB8\">pic.twitter.com\/uSSTym4hB8<\/a><\/p>&mdash; Hotter&#39;n Hell 100 (@HotternHell100) <a href=\"https:\/\/twitter.com\/HotternHell100\/status\/1314585072062922753?ref_src=twsrc%5Etfw\">October 9, 2020<\/a><\/blockquote><script async src=\"https:\/\/platform.twitter.com\/widgets.js\" charset=\"utf-8\"><\/script>\n<\/div><\/figure>\n\n\n\n<figure class=\"wp-block-embed-twitter wp-block-embed is-type-rich is-provider-twitter\"><div class=\"wp-block-embed__wrapper\">\n<blockquote class=\"twitter-tweet\" data-width=\"550\" data-dnt=\"true\"><p lang=\"en\" dir=\"ltr\">STOLEN &#8211; Gray REI Dry 1.1 in Austin, TX <a href=\"https:\/\/t.co\/V4ufhAncqH\">https:\/\/t.co\/V4ufhAncqH<\/a><\/p>&mdash; Bike Index (@bikeindexstolen) <a href=\"https:\/\/twitter.com\/bikeindexstolen\/status\/1314591450517045248?ref_src=twsrc%5Etfw\">October 9, 2020<\/a><\/blockquote><script async src=\"https:\/\/platform.twitter.com\/widgets.js\" charset=\"utf-8\"><\/script>\n<\/div><\/figure>\n\n\n\n<figure class=\"wp-block-embed-twitter wp-block-embed is-type-rich is-provider-twitter\"><div class=\"wp-block-embed__wrapper\">\n<blockquote class=\"twitter-tweet\" data-width=\"550\" data-dnt=\"true\"><p lang=\"en\" dir=\"ltr\">Reminder: The Bike Sale will take place on Monday, October 12th and on Tuesday, October 13th (if necessary). $40 a bike, credit\/debit card only, and be sure to bring your Raider ID and wear a mask. Doors open at 9 a.m. Refer to the picture below for the exact location.<br>\u00f0\u0178\u0161\u00b2\u00f0\u0178\u0161\u00b2\u00f0\u0178\u0161\u00b2 <a href=\"https:\/\/t.co\/PVY6shVquD\">pic.twitter.com\/PVY6shVquD<\/a><\/p>&mdash; TTUParking (@TTUParking) <a href=\"https:\/\/twitter.com\/TTUParking\/status\/1314595853147885568?ref_src=twsrc%5Etfw\">October 9, 2020<\/a><\/blockquote><script async src=\"https:\/\/platform.twitter.com\/widgets.js\" charset=\"utf-8\"><\/script>\n<\/div><\/figure>\n\n\n\n<figure class=\"wp-block-embed-twitter wp-block-embed is-type-rich is-provider-twitter\"><div class=\"wp-block-embed__wrapper\">\n<blockquote class=\"twitter-tweet\" data-width=\"550\" data-dnt=\"true\"><p lang=\"en\" dir=\"ltr\">\u00e2\u20ac\u0153My jaw dropped when I saw our bikes for this year\u00e2\u20ac\u2122s Giro. The phrase &#39;organized chaos&#39; comes to mind.&quot; &#8211; <a href=\"https:\/\/twitter.com\/lawsoncraddock?ref_src=twsrc%5Etfw\">@lawsoncraddock<\/a> <br><br>Here\u00e2\u20ac\u2122s to the weeks ahead for Lawson at the Giro. Head here for more on our special edition <a href=\"https:\/\/twitter.com\/RideCannondale?ref_src=twsrc%5Etfw\">@RideCannondale<\/a>  bikes: <a href=\"https:\/\/t.co\/92IUfcYZpJ\">https:\/\/t.co\/92IUfcYZpJ<\/a> <a href=\"https:\/\/t.co\/beFANnfwV1\">pic.twitter.com\/beFANnfwV1<\/a><\/p>&mdash; EF Pro Cycling (@EFprocycling) <a href=\"https:\/\/twitter.com\/EFprocycling\/status\/1314194488651374592?ref_src=twsrc%5Etfw\">October 8, 2020<\/a><\/blockquote><script async src=\"https:\/\/platform.twitter.com\/widgets.js\" charset=\"utf-8\"><\/script>\n<\/div><\/figure>\n\n\n\n<figure class=\"wp-block-embed-twitter wp-block-embed is-type-rich is-provider-twitter\"><div class=\"wp-block-embed__wrapper\">\n<blockquote class=\"twitter-tweet\" data-width=\"550\" data-dnt=\"true\"><p lang=\"en\" dir=\"ltr\">So, after so much discussion about how we are trying to protect people in bike lanes, we are worried about enforcement?  <a href=\"https:\/\/t.co\/2qXbgbXUSz\">https:\/\/t.co\/2qXbgbXUSz<\/a><\/p>&mdash; NorthlineLex (@NorthlineLex) <a href=\"https:\/\/twitter.com\/NorthlineLex\/status\/1314499992086884353?ref_src=twsrc%5Etfw\">October 9, 2020<\/a><\/blockquote><script async src=\"https:\/\/platform.twitter.com\/widgets.js\" charset=\"utf-8\"><\/script>\n<\/div><\/figure>\n\n\n\n<div class=\"wp-block-jetpack-markdown\"><hr \/>\n<h1>New Events Added to Texbiker.net Calendar<\/h1>\n<\/div>\n\n\n\n<figure class=\"wp-block-embed-twitter wp-block-embed is-type-rich is-provider-twitter\"><div class=\"wp-block-embed__wrapper\">\n<blockquote class=\"twitter-tweet\" data-width=\"550\" data-dnt=\"true\"><p lang=\"en\" dir=\"ltr\">New Event Thursday Morning Cruise &#8211; El Paso, TX<br>El Paso Bicycle Club<br><br>Meet at 7:45 am at Starbucks at the Outlet Mall in Canutillo. Ride out at 8:00. 20-25 miles at 14-16 mph pace. Mostly flat, a few hills. Maintain physical distance of at least six feet\u00e2\u20ac\u00a6 <a href=\"https:\/\/t.co\/3uOcsebu7V\">https:\/\/t.co\/3uOcsebu7V<\/a><\/p>&mdash; Rick Ankrum (@texbiker) <a href=\"https:\/\/twitter.com\/texbiker\/status\/1314606653854158850?ref_src=twsrc%5Etfw\">October 9, 2020<\/a><\/blockquote><script async src=\"https:\/\/platform.twitter.com\/widgets.js\" charset=\"utf-8\"><\/script>\n<\/div><\/figure>\n\n\n\n<figure class=\"wp-block-embed-twitter wp-block-embed is-type-rich is-provider-twitter\"><div class=\"wp-block-embed__wrapper\">\n<blockquote class=\"twitter-tweet\" data-width=\"550\" data-dnt=\"true\"><p lang=\"en\" dir=\"ltr\">New Event Sunrise in McKinney &#8211; Allen, TX For full details, including the address, and to RSVP see: <a href=\"https:\/\/t.co\/7RlRxJLGu8\">https:\/\/t.co\/7RlRxJLGu8<\/a><br><br>This week we will head north on Watters into McKinney. A 13-15mph place for 20 miles as we explore McKinney\u00e2\u20ac\u2122s Bicycle Boulevard.\u00e2\u20ac\u00a6 <a href=\"https:\/\/t.co\/1ggtCG1RIf\">https:\/\/t.co\/1ggtCG1RIf<\/a><\/p>&mdash; Rick Ankrum (@texbiker) <a href=\"https:\/\/twitter.com\/texbiker\/status\/1314651875535355904?ref_src=twsrc%5Etfw\">October 9, 2020<\/a><\/blockquote><script async src=\"https:\/\/platform.twitter.com\/widgets.js\" charset=\"utf-8\"><\/script>\n<\/div><\/figure>\n","protected":false},"excerpt":{"rendered":" <a class=\"more-link\" href=\"https:\/\/www.texbiker.net\/blog\/2020\/10\/09\/texas-biking-news-october-9th-2020\/\"><span class=\"more-msg\">Continue reading &rarr;<\/span><\/a>","protected":false},"author":1,"featured_media":0,"comment_status":"open","ping_status":"open","sticky":false,"template":"","format":"standard","meta":{"_jetpack_memberships_contains_paid_content":false,"footnotes":"","jetpack_publicize_message":"","jetpack_publicize_feature_enabled":true,"jetpack_social_post_already_shared":false,"jetpack_social_options":{"image_generator_settings":{"template":"highway","enabled":false},"version":2}},"categories":[14],"tags":[],"class_list":["post-54343","post","type-post","status-publish","format-standard","hentry","category-bicycling-news"],"jetpack_publicize_connections":[],"jetpack_featured_media_url":"","jetpack_shortlink":"https:\/\/wp.me\/p4tok-e8v","jetpack_sharing_enabled":true,"_links":{"self":[{"href":"https:\/\/www.texbiker.net\/blog\/wp-json\/wp\/v2\/posts\/54343","targetHints":{"allow":["GET"]}}],"collection":[{"href":"https:\/\/www.texbiker.net\/blog\/wp-json\/wp\/v2\/posts"}],"about":[{"href":"https:\/\/www.texbiker.net\/blog\/wp-json\/wp\/v2\/types\/post"}],"author":[{"embeddable":true,"href":"https:\/\/www.texbiker.net\/blog\/wp-json\/wp\/v2\/users\/1"}],"replies":[{"embeddable":true,"href":"https:\/\/www.texbiker.net\/blog\/wp-json\/wp\/v2\/comments?post=54343"}],"version-history":[{"count":1,"href":"https:\/\/www.texbiker.net\/blog\/wp-json\/wp\/v2\/posts\/54343\/revisions"}],"predecessor-version":[{"id":54344,"href":"https:\/\/www.texbiker.net\/blog\/wp-json\/wp\/v2\/posts\/54343\/revisions\/54344"}],"wp:attachment":[{"href":"https:\/\/www.texbiker.net\/blog\/wp-json\/wp\/v2\/media?parent=54343"}],"wp:term":[{"taxonomy":"category","embeddable":true,"href":"https:\/\/www.texbiker.net\/blog\/wp-json\/wp\/v2\/categories?post=54343"},{"taxonomy":"post_tag","embeddable":true,"href":"https:\/\/www.texbiker.net\/blog\/wp-json\/wp\/v2\/tags?post=54343"}],"curies":[{"name":"wp","href":"https:\/\/api.w.org\/{rel}","templated":true}]}}