{"id":56624,"date":"2021-06-01T23:38:13","date_gmt":"2021-06-02T04:38:13","guid":{"rendered":"https:\/\/www.texbiker.net\/blog\/?p=56624"},"modified":"2021-06-01T23:38:15","modified_gmt":"2021-06-02T04:38:15","slug":"texas-bicycle-news-june-1st-2021","status":"publish","type":"post","link":"https:\/\/www.texbiker.net\/blog\/2021\/06\/01\/texas-bicycle-news-june-1st-2021\/","title":{"rendered":"Texas Bicycle News June 1st 2021"},"content":{"rendered":"\n<div class=\"wp-block-jetpack-markdown\"><h2><a href=\"https:\/\/www.lmtonline.com\/sports\/article\/Local-cyclists-place-second-in-state-championship-16215628.php\">Local cyclists place second in state championship<\/a><\/h2>\n<h4>Clara Sandoval | www.lmtonline.com<\/h4>\n<p><img data-recalc-dims=\"1\" decoding=\"async\" src=\"https:\/\/i0.wp.com\/s.hdnux.com\/photos\/01\/20\/26\/47\/21064144\/3\/ratio3x2_1200.jpg?w=1200&#038;ssl=1\" alt=\"\"\/><\/p>\n<p>The Laredo Mountain Bike Youth team has only been around since 2012 and has made strides in the past 10 years. This past season, the team placed among the best high school mountain bike teams in Texas<\/p>\n<p>The Laredo team is comprised of Alexander and United high school cyclists including Marianne Bautista, Avril Dominguez, Idania Dominguez, Sophia Granados, Iker Jaimes, Jose Antonio Martinez Jr., Daniel Musquiz and Melanie Reyes. They took home second place at the Texas High School Mountain Bike State Championship JV 2 Division and were sixth place overall to conclude a great season.<\/p>\n<p>\u00e2\u20ac\u0153I am very proud of the team and \u00e2\u20ac\u00a6<\/p>\n<hr \/>\n<h2><a href=\"https:\/\/www.masstransitmag.com\/alt-mobility\/shared-mobility\/bicycle-scooter-sharing\/news\/21224867\/tx-fort-worth-bike-rentals-are-booming-and-electric-ebikes-are-providing-the-jolt\">TX: Fort Worth bike rentals are booming, and electric ebikes are providing the jolt<\/a><\/h2>\n<h4>by Gordon Dickson | www.masstransitmag.com<\/h4>\n<p>The city&#8217;s bike rental service has shown consistent growth during the past two years, despite the challenges presented by COVID.<\/p>\n<p>May 28\u00e2\u20ac\u201dFORT WORTH \u00e2\u20ac\u201d The atmosphere surrounding Fort Worth Bike Sharing is electric.<\/p>\n<p>The city&#8217;s bike rental service has shown consistent growth during the past two years, despite the challenges presented by COVID.<\/p>\n<p>Officials say much of the increase is attributable to the addition of electric bikes \u00e2\u20ac\u201d or ebikes \u00e2\u20ac\u201d which are an attractive option for pedalers who don&#8217;t want to work up a sweat during their ride.<\/p>\n<p>Of the 398 bikes now available for rent in Fort Worth, 280 are the \u00e2\u20ac\u00a6<\/p>\n<hr \/>\n<h2><a href=\"https:\/\/dfw.cbslocal.com\/2021\/06\/01\/thief-test-rides-6k-bike-never-returns-to-southlake-store\/\">Thief \u00e2\u20ac\u02dcTest Rides\u00e2\u20ac\u2122 $6K+ Bike, Never Returns To Southlake Store<\/a><\/h2>\n<h4>By CBSDFW.com Staff | dfw.cbslocal.com<\/h4>\n<p><img data-recalc-dims=\"1\" decoding=\"async\" src=\"https:\/\/i0.wp.com\/dfw.cbslocal.com\/wp-content\/uploads\/sites\/15909545\/2021\/06\/Web-Bike-Theft-copy.jpeg?w=1200&#038;ssl=1\" alt=\"\"\/><\/p>\n<p>SOUTHLAKE, Texas (CBSDFW.COM) \u00e2\u20ac\u201c Police in Southlake are looking for a man who stole a bike from the REI store at 1011 East Southlake Boulevard.<\/p>\n<p>It happened the afternoon of May 15. The suspect asked if he could do a test run on a champagne-colored Cannondale Jekyll Carbon 129 bike worth $6,374.73. \u00e2\u20ac\u00a6<\/p>\n<hr \/>\n<h2><a href=\"https:\/\/www.dallasnews.com\/news\/transportation\/2021\/06\/01\/these-north-texas-cities-are-among-the-worst-in-the-county-for-biking-study-says\/\">These North Texas cities are among the worst in the country for biking, study says<\/a><\/h2>\n<h4>By Francesca D\u00e2\u20ac\u2122Annunzio | www.dallasnews.com<\/h4>\n<p><img data-recalc-dims=\"1\" decoding=\"async\" src=\"https:\/\/i0.wp.com\/dmn-dallas-news-prod.cdn.arcpublishing.com\/resizer\/lanfixipoXc4tRhMn-UX5ssNmzo%3D\/1660x934\/smart\/filters%3Ano_upscale%28%29\/cloudfront-us-east-1.images.arcpublishing.com\/dmn\/ADRLEUTUZVADHIFJVR64QQLVVA.jpg?w=1200&#038;ssl=1\" alt=\"\"\/><\/p>\n<p>The nation&#8217;s 200 largest cities were ranked based on factors including climate and amount of bicycle commuters.<\/p>\n<p>Mesquite residents planning to celebrate World Bicycle Day on June 3 might consider riding outside of town.<\/p>\n<p>LawnStarter, a startup that provides lawn care services, ranked the 200 most populated U.S. cities based on 18 indicators of a bike-friendly community and created a list of the best and worst biking cities in America.<\/p>\n<p>Mesquite ranked 194 out of 200. The worst city on the list was \u00e2\u20ac\u00a6<\/p>\n<hr \/>\n<h2><a href=\"https:\/\/www.elpasotimes.com\/story\/sports\/2021\/06\/01\/el-pasoan-rides-bike-raise-cancer-awareness\/7489319002\/\">El Pasoan to raise cancer awareness with bike ride around America<\/a><\/h2>\n<h4>Bret Bloomquist | www.elpasotimes.com<\/h4>\n<p><img data-recalc-dims=\"1\" decoding=\"async\" src=\"https:\/\/i0.wp.com\/www.gannett-cdn.com\/presto\/2021\/06\/01\/PTX1\/2c4c3992-2059-46b0-8e28-05a0172ece24-Mendez2.jpg?w=1200&#038;ssl=1\" alt=\"\"\/><\/p>\n<p>Carolina Mendez knows there will be a lot of emotion when she pedals her bicycle into El Paso with 20 friends on June 11.<\/p>\n<p>Her two-month ride around the western half of America will only be a week in, but the former Coronado volleyball player, recent University of Texas grad and member of the Texas 4000 cancer-fighting group knows the sight of her hometown on the horizon will be a special moment. \u00e2\u20ac\u00a6<\/p>\n<hr \/>\n<h2><a href=\"https:\/\/www.mysanantonio.com\/news\/local\/article\/San-Antonio-rode-bike-20-miles-2-hours-girlfriend-16217476.php\">Locals commend San Antonio man who biked nearly 20 miles to visit his girlfriend<\/a><\/h2>\n<h4>Sarah Martinez | www.mysanantonio.com<\/h4>\n<p><img data-recalc-dims=\"1\" decoding=\"async\" src=\"https:\/\/i0.wp.com\/s.hdnux.com\/photos\/01\/20\/27\/24\/21067063\/3\/2400x0.jpg?w=1200&#038;ssl=1\" alt=\"\"\/><\/p>\n<p>You know how the age-old saying goes, \u00e2\u20ac\u0153If you love someone, bike 20 miles in a non-bike-friendly city to spend time with them\u00e2\u20ac\u009d \u00e2\u20ac\u201c or something like that.<\/p>\n<p>Reddit user u\/dtizzle0510, who said his name is Darnell, took to the social media site Monday to share his trek \u00e2\u20ac\u201c yes, a literal one \u00e2\u20ac\u201c to go visit his beloved.<\/p>\n<p>\u00e2\u20ac\u0153Biked from my [apartment] to my girl\u00e2\u20ac\u2122s house,\u00e2\u20ac\u009d Darnell said in the post, which included a screenshot with all the details of his \u00e2\u20ac\u00a6<\/p>\n<hr \/>\n<p>    <blockquote class=\"reddit-card\" >      <a href=\"https:\/\/www.reddit.com\/r\/dfwbike\/comments\/nq58ak\/want_tips_on_for_improving_cycling_safety_white\/?ref_source=embed&amp;ref=share\">Want tips on for improving cycling safety &#8211; White Rock Trail the Road (not the Trail)<\/a> from      <a href=\"https:\/\/www.reddit.com\/r\/dfwbike\/\">dfwbike<\/a>    <\/blockquote>    <script async src=\"https:\/\/embed.redditmedia.com\/widgets\/platform.js\" charset=\"UTF-8\"><\/script><\/p>\n<hr \/>\n<h1>Texas Biking from Twitter<\/h1>\n<p><blockquote class=\"twitter-tweet\" data-width=\"550\" data-dnt=\"true\"><p lang=\"en\" dir=\"ltr\">Celebrate El Paso\u00e2\u20ac\u2122s culture with a SunCycle ride into Segundo Barrio. Bikes are available at 18 stations in the downtown\/UTEP area and you can easily cross Paisano to reach a mural destination.<a href=\"https:\/\/twitter.com\/hashtag\/gobybike?src=hash&amp;ref_src=twsrc%5Etfw\">#gobybike<\/a> <a href=\"https:\/\/twitter.com\/hashtag\/alternativetransportation?src=hash&amp;ref_src=twsrc%5Etfw\">#alternativetransportation<\/a> <a href=\"https:\/\/twitter.com\/hashtag\/bcycle?src=hash&amp;ref_src=twsrc%5Etfw\">#bcycle<\/a> <a href=\"https:\/\/twitter.com\/hashtag\/bcycleEPTX?src=hash&amp;ref_src=twsrc%5Etfw\">#bcycleEPTX<\/a> <a href=\"https:\/\/twitter.com\/hashtag\/elpasobcycle?src=hash&amp;ref_src=twsrc%5Etfw\">#elpasobcycle<\/a> <a href=\"https:\/\/twitter.com\/hashtag\/losdos?src=hash&amp;ref_src=twsrc%5Etfw\">#losdos<\/a> <a href=\"https:\/\/t.co\/qRV21JEYUF\">pic.twitter.com\/qRV21JEYUF<\/a><\/p>&mdash; Sun Cycle (@SunCycleEP) <a href=\"https:\/\/twitter.com\/SunCycleEP\/status\/1399897414157357060?ref_src=twsrc%5Etfw\">June 2, 2021<\/a><\/blockquote><script async src=\"https:\/\/platform.twitter.com\/widgets.js\" charset=\"utf-8\"><\/script><\/p>\n<p><blockquote class=\"twitter-tweet\" data-width=\"550\" data-dnt=\"true\"><p lang=\"en\" dir=\"ltr\">Almost time to sample the air in Sunnyside! \u00f0\u0178\u0161\u00b4 Pump up your tires and join us this Saturday for a ride around the neighborhood! Don&#39;t have a bike? There is a \u00f0\u0178\u0161\u00b6\u00e2\u20ac\u008d\u00e2\u2122\u201a\u00ef\u00b8\u008f1 mile walk option OR thanks <a href=\"https:\/\/twitter.com\/HoustonBCycle?ref_src=twsrc%5Etfw\">@HoustonBCycle<\/a>, we have bikes available for your use. Sign up now: <a href=\"https:\/\/t.co\/FRQBvV3gwb\">https:\/\/t.co\/FRQBvV3gwb<\/a> <a href=\"https:\/\/t.co\/tw2wfFxrlj\">pic.twitter.com\/tw2wfFxrlj<\/a><\/p>&mdash; Air Alliance Houston (@airallianceHOU) <a href=\"https:\/\/twitter.com\/airallianceHOU\/status\/1399904636673343489?ref_src=twsrc%5Etfw\">June 2, 2021<\/a><\/blockquote><script async src=\"https:\/\/platform.twitter.com\/widgets.js\" charset=\"utf-8\"><\/script><\/p>\n<p><blockquote class=\"twitter-tweet\" data-width=\"550\" data-dnt=\"true\"><p lang=\"en\" dir=\"ltr\">Join SCC and <a href=\"https:\/\/twitter.com\/ATXMetroBike?ref_src=twsrc%5Etfw\">@ATXMetroBike<\/a> on 6\/10 for a beginner-friendly bike ride along Shoal Creek! This will be a perfect opportunity to try out e-bikes, learn more about ATX\u00e2\u20ac\u2122s alternative eco-friendly transportation routes, and the SC watershed! Register today via <a href=\"https:\/\/t.co\/O9sIZ6LDCR\">https:\/\/t.co\/O9sIZ6LDCR<\/a>. <a href=\"https:\/\/t.co\/fh7jCDySU4\">pic.twitter.com\/fh7jCDySU4<\/a><\/p>&mdash; Shoal Creek Conservancy (@shoalcc) <a href=\"https:\/\/twitter.com\/shoalcc\/status\/1399758455406272516?ref_src=twsrc%5Etfw\">June 1, 2021<\/a><\/blockquote><script async src=\"https:\/\/platform.twitter.com\/widgets.js\" charset=\"utf-8\"><\/script><\/p>\n<p><blockquote class=\"twitter-tweet\" data-width=\"550\" data-dnt=\"true\"><p lang=\"en\" dir=\"ltr\">Fun Fact: Our staff has swapped over 3K <a href=\"https:\/\/twitter.com\/hashtag\/EBike?src=hash&amp;ref_src=twsrc%5Etfw\">#EBike<\/a> batteries for our <a href=\"https:\/\/twitter.com\/hashtag\/MetroBike?src=hash&amp;ref_src=twsrc%5Etfw\">#MetroBike<\/a> users in the last 2 months alone! We \u00f0\u0178\u2019\u201c the challenge and are here to keep working hard for you! Thxs for the amazing tech <a href=\"https:\/\/twitter.com\/BoscheBikeUS?ref_src=twsrc%5Etfw\">@BoscheBikeUS<\/a> \u00e2\u0161\u00a1 <a href=\"https:\/\/twitter.com\/hashtag\/FeelTheFlow?src=hash&amp;ref_src=twsrc%5Etfw\">#FeelTheFlow<\/a><br><br>Pro Tip: \u00f0\u0178\u201d\u2039 can be checked w\/o ever checking out! <a href=\"https:\/\/t.co\/8Xz3Y6C7Ca\">pic.twitter.com\/8Xz3Y6C7Ca<\/a><\/p>&mdash; MetroBike (@ATXMetroBike) <a href=\"https:\/\/twitter.com\/ATXMetroBike\/status\/1399773112426811395?ref_src=twsrc%5Etfw\">June 1, 2021<\/a><\/blockquote><script async src=\"https:\/\/platform.twitter.com\/widgets.js\" charset=\"utf-8\"><\/script><\/p>\n<p>https:\/\/twitter.com\/BBQ44\/status\/1399780010521673730<\/p>\n<p><blockquote class=\"twitter-tweet\" data-width=\"550\" data-dnt=\"true\"><p lang=\"en\" dir=\"ltr\">Strava is a great tool for tracking your fitness activities year-round, especially when training for the Texas Mamma Jamma Ride. Through &quot;Team Mamma Jamma&quot; club on Strava, we can support and encourage each other to train for ride day.<br><br>Join us! \u00f0\u0178\u0161\u00b4\u00e2\u20ac\u008d\u00e2\u2122\u20ac\u00ef\u00b8\u008f\u00e2\u017e\u00a1\u00ef\u00b8\u008f <a href=\"https:\/\/t.co\/gdI2dpLj0T\">https:\/\/t.co\/gdI2dpLj0T<\/a> <a href=\"https:\/\/t.co\/Fs147Kv9G7\">pic.twitter.com\/Fs147Kv9G7<\/a><\/p>&mdash; TX Mamma Jamma Ride (@MammaJammaRide) <a href=\"https:\/\/twitter.com\/MammaJammaRide\/status\/1399785577059426313?ref_src=twsrc%5Etfw\">June 1, 2021<\/a><\/blockquote><script async src=\"https:\/\/platform.twitter.com\/widgets.js\" charset=\"utf-8\"><\/script><\/p>\n<p><blockquote class=\"twitter-tweet\" data-width=\"550\" data-dnt=\"true\"><p lang=\"en\" dir=\"ltr\">The first 1982 HHH logo was created by cyclist Chuck Foley. <a href=\"https:\/\/t.co\/jYlEwoa0gm\">pic.twitter.com\/jYlEwoa0gm<\/a><\/p>&mdash; Hotter&#39;n Hell 100 (@HotternHell100) <a href=\"https:\/\/twitter.com\/HotternHell100\/status\/1399721185470996482?ref_src=twsrc%5Etfw\">June 1, 2021<\/a><\/blockquote><script async src=\"https:\/\/platform.twitter.com\/widgets.js\" charset=\"utf-8\"><\/script><\/p>\n<p><blockquote class=\"twitter-tweet\" data-width=\"550\" data-dnt=\"true\"><p lang=\"en\" dir=\"ltr\">This Felt Bicycles IA16 felt right for Francisco and family from Katy. <br><br>Shop Felt Online: <a href=\"https:\/\/t.co\/EvYezHi50w\">https:\/\/t.co\/EvYezHi50w<\/a><a href=\"https:\/\/twitter.com\/hashtag\/TexassPremierBikeShop?src=hash&amp;ref_src=twsrc%5Etfw\">#TexassPremierBikeShop<\/a> <a href=\"https:\/\/twitter.com\/hashtag\/Alliteration?src=hash&amp;ref_src=twsrc%5Etfw\">#Alliteration<\/a> <a href=\"https:\/\/twitter.com\/hashtag\/Kinda?src=hash&amp;ref_src=twsrc%5Etfw\">#Kinda<\/a> <a href=\"https:\/\/twitter.com\/hashtag\/FeltBicycles?src=hash&amp;ref_src=twsrc%5Etfw\">#FeltBicycles<\/a> <a href=\"https:\/\/t.co\/Tzm8wdlDKX\">pic.twitter.com\/Tzm8wdlDKX<\/a><\/p>&mdash; Bicycle World (@BicycleWorldTx) <a href=\"https:\/\/twitter.com\/BicycleWorldTx\/status\/1399697551255904260?ref_src=twsrc%5Etfw\">June 1, 2021<\/a><\/blockquote><script async src=\"https:\/\/platform.twitter.com\/widgets.js\" charset=\"utf-8\"><\/script><\/p>\n<hr \/>\n<h1>New Events Added to Texbiker.net Calendar<\/h1>\n<p><blockquote class=\"twitter-tweet\" data-width=\"550\" data-dnt=\"true\"><p lang=\"en\" dir=\"ltr\">New Event BLACK HISTORY BIKE RIDE &#8211; Austin, TX <a href=\"https:\/\/t.co\/srPwiasHWi\">https:\/\/t.co\/srPwiasHWi<\/a><br><br>Let\u00e2\u20ac\u2122s <a href=\"https:\/\/twitter.com\/hashtag\/RideBikesSaturday?src=hash&amp;ref_src=twsrc%5Etfw\">#RideBikesSaturday<\/a> and celebrate <a href=\"https:\/\/twitter.com\/hashtag\/Juneteenth?src=hash&amp;ref_src=twsrc%5Etfw\">#Juneteenth<\/a> at our very first <a href=\"https:\/\/twitter.com\/hashtag\/RideBikesAustinBBQ?src=hash&amp;ref_src=twsrc%5Etfw\">#RideBikesAustinBBQ<\/a><br>We will be joining the Black History Bike Ride for the Juneteenth Social Ride (IG: <a href=\"https:\/\/twitter.com\/blackhis?ref_src=twsrc%5Etfw\">@blackhis<\/a>\u00e2\u20ac\u00a6 <a href=\"https:\/\/t.co\/aVjJaSQL97\">https:\/\/t.co\/aVjJaSQL97<\/a><\/p>&mdash; Rick Ankrum (@texbiker) <a href=\"https:\/\/twitter.com\/texbiker\/status\/1399933850894192641?ref_src=twsrc%5Etfw\">June 2, 2021<\/a><\/blockquote><script async src=\"https:\/\/platform.twitter.com\/widgets.js\" charset=\"utf-8\"><\/script><\/p>\n<p><blockquote class=\"twitter-tweet\" data-width=\"550\" data-dnt=\"true\"><p lang=\"en\" dir=\"ltr\">New Event Taco Tuesday Ride &#8211; Allen, TX For full details, including the address, and to RSVP see: <a href=\"https:\/\/t.co\/M9rqxVqPfp\">https:\/\/t.co\/M9rqxVqPfp<\/a><br><br>Taco Tuesday is back! We will have two pace groups if we have enough people. One on the trail 10-12 pace about 10-15 miles. One on\u00e2\u20ac\u00a6 <a href=\"https:\/\/t.co\/byRMYXD3F2\">https:\/\/t.co\/byRMYXD3F2<\/a><\/p>&mdash; Rick Ankrum (@texbiker) <a href=\"https:\/\/twitter.com\/texbiker\/status\/1399933843700846597?ref_src=twsrc%5Etfw\">June 2, 2021<\/a><\/blockquote><script async src=\"https:\/\/platform.twitter.com\/widgets.js\" charset=\"utf-8\"><\/script><\/p>\n<p><blockquote class=\"twitter-tweet\" data-width=\"550\" data-dnt=\"true\"><p lang=\"en\" dir=\"ltr\">New Event Remembering Shane &#8211; Memorial Ride III For full details, including the address, and to RSVP see: <a href=\"https:\/\/t.co\/SqJ8qKfQJX\">https:\/\/t.co\/SqJ8qKfQJX<\/a><br><br>Join us for our 3rd Annual \u00e2\u20ac\u0153Remembering Shane\u00e2\u20ac\u009d Memorial Ride.<br>June 12, 2021 &#8211; Ready to roll by 7:30am.<br>Meet at Santa Teres\u00e2\u20ac\u00a6 <a href=\"https:\/\/t.co\/ynWtCyafnx\">https:\/\/t.co\/ynWtCyafnx<\/a><\/p>&mdash; Rick Ankrum (@texbiker) <a href=\"https:\/\/twitter.com\/texbiker\/status\/1399933834750267392?ref_src=twsrc%5Etfw\">June 2, 2021<\/a><\/blockquote><script async src=\"https:\/\/platform.twitter.com\/widgets.js\" charset=\"utf-8\"><\/script><\/p>\n<\/div>\n","protected":false},"excerpt":{"rendered":" <a class=\"more-link\" href=\"https:\/\/www.texbiker.net\/blog\/2021\/06\/01\/texas-bicycle-news-june-1st-2021\/\"><span class=\"more-msg\">Continue reading &rarr;<\/span><\/a>","protected":false},"author":1,"featured_media":0,"comment_status":"open","ping_status":"open","sticky":false,"template":"","format":"standard","meta":{"_jetpack_memberships_contains_paid_content":false,"footnotes":"","jetpack_publicize_message":"","jetpack_publicize_feature_enabled":true,"jetpack_social_post_already_shared":true,"jetpack_social_options":{"image_generator_settings":{"template":"highway","enabled":false},"version":2}},"categories":[14],"tags":[],"class_list":["post-56624","post","type-post","status-publish","format-standard","hentry","category-bicycling-news"],"jetpack_publicize_connections":[],"jetpack_featured_media_url":"","jetpack_shortlink":"https:\/\/wp.me\/p4tok-eJi","jetpack_sharing_enabled":true,"_links":{"self":[{"href":"https:\/\/www.texbiker.net\/blog\/wp-json\/wp\/v2\/posts\/56624","targetHints":{"allow":["GET"]}}],"collection":[{"href":"https:\/\/www.texbiker.net\/blog\/wp-json\/wp\/v2\/posts"}],"about":[{"href":"https:\/\/www.texbiker.net\/blog\/wp-json\/wp\/v2\/types\/post"}],"author":[{"embeddable":true,"href":"https:\/\/www.texbiker.net\/blog\/wp-json\/wp\/v2\/users\/1"}],"replies":[{"embeddable":true,"href":"https:\/\/www.texbiker.net\/blog\/wp-json\/wp\/v2\/comments?post=56624"}],"version-history":[{"count":1,"href":"https:\/\/www.texbiker.net\/blog\/wp-json\/wp\/v2\/posts\/56624\/revisions"}],"predecessor-version":[{"id":56625,"href":"https:\/\/www.texbiker.net\/blog\/wp-json\/wp\/v2\/posts\/56624\/revisions\/56625"}],"wp:attachment":[{"href":"https:\/\/www.texbiker.net\/blog\/wp-json\/wp\/v2\/media?parent=56624"}],"wp:term":[{"taxonomy":"category","embeddable":true,"href":"https:\/\/www.texbiker.net\/blog\/wp-json\/wp\/v2\/categories?post=56624"},{"taxonomy":"post_tag","embeddable":true,"href":"https:\/\/www.texbiker.net\/blog\/wp-json\/wp\/v2\/tags?post=56624"}],"curies":[{"name":"wp","href":"https:\/\/api.w.org\/{rel}","templated":true}]}}