{"id":56980,"date":"2021-07-19T22:54:54","date_gmt":"2021-07-20T03:54:54","guid":{"rendered":"https:\/\/www.texbiker.net\/blog\/?p=56980"},"modified":"2021-07-19T22:54:58","modified_gmt":"2021-07-20T03:54:58","slug":"texas-biking-news-july-19th-2021","status":"publish","type":"post","link":"https:\/\/www.texbiker.net\/blog\/2021\/07\/19\/texas-biking-news-july-19th-2021\/","title":{"rendered":"Texas Biking News July 19th 2021"},"content":{"rendered":"\n<div class=\"wp-block-jetpack-markdown\"><h2><a href=\"https:\/\/www.publicnewsservice.org\/2021-07-19\/senior\/amarillo-by-morning-cyclist-raises-awareness-money-for-seniors\/a75042-1\">Amarillo By Morning: Cyclist Raises Awareness, Money for Seniors<\/a><\/h2>\n<h4>Roz Brown, Producer | www.publicnewsservice.org<\/h4>\n<p><img decoding=\"async\" src=\"https:\/\/www.newsservice.org\/getimage.php?p=c2dpZD03NTA0MiZzaWQ9MQ==\" alt=\"\"\/><\/p>\n<p>SAN ANTONIO &#8212; The 65-and-older population has grown by over one-third in the past decade, which prompted a Texas man to take a cross-country bike trip to highlight the growing need for senior care.<\/p>\n<p>Jeff Salter, CEO of Caring Senior Services, arrives in Amarillo today, 10 days before he completes his 9,000-mile trip. Salter&#8217;s company provides caregivers for seniors, to help with tasks that allow them to stay in their homes, rather than move to care facilities.<\/p>\n<p>Salter has visited 30 states on his electric bike since April, and said &#8230;<\/p>\n<hr \/>\n<h2><a href=\"https:\/\/wheelbrothers.com\/eighter-from-decatur-charity-bicycle-rally\/\">Eighter From Decatur Charity Bicycle Rally<\/a><\/h2>\n<h4>wheelbrothers.com<\/h4>\n<p><img data-recalc-dims=\"1\" decoding=\"async\" src=\"https:\/\/i0.wp.com\/wheelbrothers.com\/wp-content\/uploads\/2021\/07\/decatur-2.png?w=1200&#038;ssl=1\" alt=\"\"\/><\/p>\n<p>The Eighter From Decatur Charity Bicycle Rally page, provides you with the official registration information, ride distances etc. and if you scroll down a bit, videos, interviews and ride reports for this event. If you don\u00e2\u20ac\u2122t see a ride report and you participated in the event in the past, feel free to type something up and we\u00e2\u20ac\u2122ll add it here!<\/p>\n<p>Date: September 18, 2021<\/p>\n<p>Event: Eighter From Decatur Charity Bicycle Rally<\/p>\n<p>Route Distances: 8,25,50,75, or 100 miles<\/p>\n<p>About the Ride:<\/p>\n<p>The Eighter from Decatur Bicycle Rally is a charity bicycle ride that benefits Raquel\u00e2\u20ac\u2122s Wings for Life, an organization that flies local cancer patients to MD Anderson in Houston, Texas, for treatment free of charge to the patient. This event is a fun-filled, family-friendly ride designed &#8230;<\/p>\n<hr \/>\n<h2><a href=\"https:\/\/www.texomashomepage.com\/news\/local-news\/90-for-dad-bicycle-ride-hospice-wichita-falls\/\">\u00e2\u20ac\u212290 for Dad\u00e2\u20ac\u2122 bicycle ride happy to give back to Hospice of Wichita Falls<\/a><\/h2>\n<h4>by: Markeshia Jackson | www.texomashomepage.com<\/h4>\n<\/div>\n\n\n\n<iframe scrolling=\"no\" frameborder=\"0\" allowfullscreen webkitallowfullscreen mozallowfullscreen allow=\"autoplay; fullscreen\" src=\"https:\/\/w3.cdn.anvato.net\/player\/prod\/v3\/anvload.html?key=eyJtIjoiTElOIiwidiI6IjY4MTczODEiLCJhbnZhY2siOiJYRWFZb3k4ZW1aUGJ4dTZSMk9Ib29zanBhOURRajhCUCIsInNoYXJlTGluayI6Imh0dHBzOi8vd3d3LnRleG9tYXNob21lcGFnZS5jb20vbmV3cy9sb2NhbC1uZXdzLzkwLWZvci1kYWQtYmljeWNsZS1yaWRlLWhvc3BpY2Utd2ljaGl0YS1mYWxscy8iLCJwbHVnaW5zIjp7ImNvbXNjb3JlIjp7ImNsaWVudElkIjoiNjAzNjQzOSIsImMzIjoidGV4b21hc2hvbWVwYWdlLmNvbSIsInNjcmlwdCI6Ii8vdzMuY2RuLmFudmF0by5uZXQvcGxheWVyL3Byb2QvdjMvcGx1Z2lucy9jb21zY29yZS9jb21zY29yZXBsdWdpbi5taW4uanMiLCJ1c2VEZXJpdmVkTWV0YWRhdGEiOnRydWUsIm1hcHBpbmciOnsidmlkZW8iOnsiYzMiOiJ0ZXhvbWFzaG9tZXBhZ2UuY29tIiwibnNfc3Rfc3QiOiJrZmR4IiwibnNfc3RfcHUiOiJOZXhzdGFyIiwibnNfc3RfZ2UiOiJOZXdzLFZpZGVvLFZpZGVvIiwiY3NfdWNmciI6IiJ9LCJhZCI6eyJjMyI6InRleG9tYXNob21lcGFnZS5jb20iLCJuc19zdF9zdCI6ImtmZHgiLCJuc19zdF9wdSI6Ik5leHN0YXIiLCJuc19zdF9nZSI6Ik5ld3MsVmlkZW8sVmlkZW8iLCJjc191Y2ZyIjoiIn19fSwiZGZwIjp7ImNsaWVudFNpZGUiOnsiYWRUYWdVcmwiOiJodHRwczovL3B1YmFkcy5nLmRvdWJsZWNsaWNrLm5ldC9nYW1wYWQvYWRzP3N6PTF4MTAwMCZpdT0vNTY3OC9ueC5rZmR4L25ld3MvbG9jYWxfbmV3cyZpbXBsPXMmZ2RmcF9yZXE9MSZlbnY9dnAmb3V0cHV0PXZtYXAmdW52aWV3ZWRfcG9zaXRpb25fc3RhcnQ9MSZhZF9ydWxlPTEmZGVzY3JpcHRpb25fdXJsPWh0dHBzOi8vd3d3LnRleG9tYXNob21lcGFnZS5jb20vbmV3cy9sb2NhbC1uZXdzLzkwLWZvci1kYWQtYmljeWNsZS1yaWRlLWhvc3BpY2Utd2ljaGl0YS1mYWxscy8mdmNvbnA9MiZjdXN0X3BhcmFtcz12aWQlM0Q2ODE3MzgxJTI2Y21zaWQlM0Q4OTc4ODklMjZwaWQlM0Q4OTc4ODklMjZ2aWRjYXQlM0QlMkZuZXdzJTJGbG9jYWxfbmV3cyUyNmJvYl9jayUzRCU1QmJvYl9ja192YWwlNUQlMjZkX2NvZGUlM0RuYTAwMyUyNnBsYXllcndpZHRoJTNEODc2JTI2cGxheWVyaGVpZ2h0JTNENDkzIn19LCJuaWVsc2VuIjp7ImFwaWQiOiJQQjc0QTE1MDctODU1Ni00NzU2LTg4RTItNTQyMTJGNEU1NEQxIiwic2Zjb2RlIjoiZGNyIiwidHlwZSI6ImRjciIsImFwbiI6IkFudmF0byIsImVudmlyb25tZW50IjoicHJvZHVjdGlvbiIsInVzZURlcml2ZWRNZXRhZGF0YSI6dHJ1ZSwibWFwcGluZyI6eyJhZGxvYWR0eXBlIjoyLCJhZE1vZGVsIjoyfSwib3B0T3V0IjpmYWxzZX0sInNlZ21lbnRDdXN0b20iOnsic2NyaXB0IjoiaHR0cHM6Ly9zZWdtZW50LnBzZy5uZXhzdGFyZGlnaXRhbC5uZXQvYW52YXRvLmpzIiwid3JpdGVLZXkiOiJQQ215ZDZQeVVVTUc5Q1hmRDA5VzJtZWNIcTN2Y0l4YiJ9LCJnb29nbGVBbmFseXRpY3MiOnsidHJhY2tpbmdJZCI6IlVBLTM3MTQ0OTAxLTIyIiwiZXZlbnRzIjp7IkFEX1NUQVJURUQiOnsiYWxpYXMiOiJWaWRlby1BZCIsImNhdGVnb3J5IjoiVmlkZW8iLCJsYWJlbCI6IltbVElUTEVdXSJ9LCJWSURFT19TVEFSVEVEIjp7ImFsaWFzIjoiVmlkZW8tUGxheSIsImNhdGVnb3J5IjoiVmlkZW8iLCJsYWJlbCI6IltbVElUTEVdXSJ9LCJWSURFT19GSVJTVF9RVUFSVElMRSI6eyJhbGlhcyI6IlZpZGVvLTI1JSIsImNhdGVnb3J5IjoiVmlkZW8iLCJsYWJlbCI6IltbVElUTEVdXSJ9LCJWSURFT19NSURfUE9JTlQiOnsiYWxpYXMiOiJWaWRlby01MCUiLCJjYXRlZ29yeSI6IlZpZGVvIiwibGFiZWwiOiJbW1RJVExFXV0ifSwiVklERU9fVEhJUkRfUVVBUlRJTEUiOnsiYWxpYXMiOiJWaWRlby03NSUiLCJjYXRlZ29yeSI6IlZpZGVvIiwibGFiZWwiOiJbW1RJVExFXV0ifSwiVklERU9fQ09NUExFVEVEIjp7ImFsaWFzIjoiVmlkZW8tMTAwJSIsImNhdGVnb3J5IjoiVmlkZW8iLCJsYWJlbCI6IltbVElUTEVdXSJ9LCJVU0VSX1BBVVNFIjp7ImFsaWFzIjoiUGF1c2UiLCJjYXRlZ29yeSI6IlZpZGVvIiwibGFiZWwiOiJbW1RJVExFXV0ifSwiVVNFUl9SRVNVTUUiOnsiYWxpYXMiOiJSZXN1bWUiLCJjYXRlZ29yeSI6IlZpZGVvIiwibGFiZWwiOiJbW1RJVExFXV0ifX19LCJoZWFsdGhBbmFseXRpY3MiOnt9fSwiaHRtbDUiOnRydWUsInRva2VuIjoiZXlKMGVYQWlPaUpLVjFRaUxDSmhiR2NpT2lKSVV6STFOaUo5LmV5SjJhV1FpT2lJMk9ERTNNemd4SWl3aWFYTnpJam9pV0VWaFdXOTVPR1Z0V2xCaWVIVTJVakpQU0c5dmMycHdZVGxFVVdvNFFsQWlMQ0psZUhBaU9qRTJNalkzTlRRd05qRjkuOV9MZjhFOGdxejJISFNDUWNJNmZaeU1YdWM2dmtSMUF4S0J2TTI2dFoycyJ9\"  width =\"640\" height=\"360\"><\/iframe>\n\n\n\n<div class=\"wp-block-jetpack-markdown\"><p>WICHITA FALLS (KFDX\/KJTL) \u00e2\u20ac\u201d Saturday was the 13th Annual \u00e2\u20ac\u015390 for Dad\u00e2\u20ac\u009d bicycle ride to benefit Hospice of Wichita Falls.<\/p>\n<p>Riders started off their 90-kilometer bike ride at the Lakeside City Volunteer Fire Department. Dail Neely is the ride organizer who started this ride in honor of his late father.<\/p>\n<p>Neely says he takes pride in this event as &#8230;<\/p>\n<hr \/>\n<h2><a href=\"https:\/\/www.planeta.com\/texas-great-springs-trail\/\">Texas\u00e2\u20ac\u2122 Great Springs Trail<\/a><\/h2>\n<h4>By Ron Mader | www.planeta.com<\/h4>\n<p><img data-recalc-dims=\"1\" height=\"768\" width=\"1024\" decoding=\"async\" src=\"https:\/\/i0.wp.com\/www.planeta.com\/wp-content\/uploads\/2021\/07\/greatspringstrail2021-1024x768.jpg?resize=1024%2C768&#038;ssl=1\" alt=\"\"\/><\/p>\n<p>News from Texas-based Great Springs Project:<\/p>\n<p>With the expert guidance of Alta Planning + Design and National Park Service, Great Springs Project is proud to present the Economic Benefits Report for the trail from the Alamo to the Capitol to quantify the financial return from the 100+-mile trail network and 50,000 conserved acres of land in the GSP corridor. The report includes economic, health, environmental, and transportation cost savings as well as climate change data including carbon sequestration.<\/p>\n<p>The analysis estimated the number of bicycle and pedestrian trips that would take place on the trail system; approximated the corresponding reduction in vehicle trips and vehicle-miles travelled (VMT); assessed the potential benefits that would accrue once the entire trail system is constructed; and &#8230;<\/p>\n<hr \/>\n<h2><a href=\"https:\/\/www.texomashomepage.com\/events\/bike-wichita-falls-to-hold-ride-splash-family-friendly-event\/\">Bike Wichita Falls to hold \u00e2\u20ac\u02dcRide &amp; Splash\u00e2\u20ac\u2122 family-friendly event<\/a><\/h2>\n<h4>www.texomashomepage.com<\/h4>\n<p><img data-recalc-dims=\"1\" decoding=\"async\" src=\"https:\/\/i0.wp.com\/www.texomashomepage.com\/wp-content\/uploads\/sites\/41\/2021\/07\/Ride-Splash31070.jpeg?w=1200&#038;ssl=1\" alt=\"\"\/><\/p>\n<p>WICHITA FALLS (KFDX\/KJTL) \u00e2\u20ac\u201d Bike Wichita Falls is hosting their second annual fun bike educational event \u00e2\u20ac\u0153Ride &amp; Splash,\u00e2\u20ac\u009d near the Dr.\u00e2\u20ac\u2122s Park Splash Pad in Hamilton Park Saturday, July 24th from 9 a.m until 11 a.m.<\/p>\n<p>This free community event encourages people of all ages to bring out their wheels (bikes, scooters, skates) to practice handling, signaling, and overall bike safety.<\/p>\n<p>In addition to the &#8230;<\/p>\n<hr \/>\n<h2><a href=\"https:\/\/www.legacy.com\/us\/obituaries\/dfw\/name\/lee-ericson-obituary?pid=199497550\">Lee Stewart Ericson 1958 &#8211; 2021<\/a><\/h2>\n<h4>www.legacy.com<\/h4>\n<p><img data-recalc-dims=\"1\" decoding=\"async\" src=\"https:\/\/i0.wp.com\/cache.legacy.net\/legacy\/images\/cobrands\/dfw\/photos\/IP0103432-1_20210719.jpg?w=1200&#038;ssl=1\" alt=\"\"\/><\/p>\n<p>Lee Stewart Ericson\nJanuary 5, 1958 &#8211; July 13, 2021\nHurst, Texas &#8211; Lee Stewart Ericson of Hurst passed away Tuesday, July 13, 2021, after a tough battle with cancer.\nFuneral: A memorial service shall be held at Lucas Funeral Home in Hurst on July 31 at 2 pm. There shall be a celebration of life to follow at Bronco&#8217;s Sports Bar and Grill.\nMemorials: In lieu of flowers, a donation may be made to the American Brain Tumor Association or the National Multiple Sclerosis Society. &#8230;<\/p>\n<p>&#8230; He decided to move to Bedford, Texas in 1979 to live with his mom, who had moved to Texas several years prior. While working at Mecham Airfield building aircraft hangers in the brutal Texas summer heat he made a fateful decision. He and his business partner, Mom, went into the bike business. When the business was sold 42 years later, Bicycles, Inc. was one of the most successful small businesses in Tarrant County and was highly rated nationwide as one of the best stores selling both Trek and Specialized bicycles. &#8230;<\/p>\n<hr \/>\n<h2><a href=\"https:\/\/www.newschannel6now.com\/2021\/07\/20\/father-son-become-bmx-winners-move-up\/\">Video: Father and son win BMX race, move up in state competition<\/a><\/h2>\n<h4>By Chantale Belefanti | www.newschannel6now.com<\/h4>\n<p>WICHITA FALLS, Texas (KAUZ) &#8211; The Wee-Chi-Tah BMX race took place on Sunday and there\u00e2\u20ac\u2122s a father and son who won the competition and will be moving on to the next level.<\/p>\n<p>The father and son live here in Wichita Falls. Anthony and his son Kash Dantonio, who is only nine years old, both competed against hundreds of out-of-state bike racers in the Texas state qualifiers.<\/p>\n<p>\u00e2\u20ac\u0153\u00e2\u20ac\u02dcDad get on the bike and ride!\u00e2\u20ac\u2122 And so there we go, I\u00e2\u20ac\u2122m racing too. It\u00e2\u20ac\u2122s a big family fun event,\u00e2\u20ac\u009d said Anthony.<\/p>\n<p>Anthony explained how he &#8230;<\/p>\n<hr \/>\n<h2><a href=\"https:\/\/www.alkekvelodrome.com\/\">Alkek Weekly Update<\/a><\/h2>\n<p>Alkek Olympics\nNext weekend we have Saturday and Sunday morning races as part of our Olympics event with limited edition 100 YEN Olympic coins up for grabs, we&#8217;ll then head over to Bike Barn&#8217;s Katy Store to watch a replay of the previous night&#8217;s Olympic cycling with some post race refreshments. Sign up here<\/p>\n<p>Unfortunately at this time we only have 5 people registered for this event. I really require 25 people to avoid running it at a loss so if you would like to race please sign up by Wednesday at 5pm. If I have less than 15 people at this point I will be forced to cancel the event. Any entry fees paid will be automatically refunded in that case.<\/p>\n<p>FNR &amp; MNS\nFriday night will be track-on-speed format! Events will be Scratch Race, Tempo and Elimination. MNS will include keirins and match sprints again!<\/p>\n<p>Track-on-Speed is where all three omnium races are run back to back, riders remain on track the whole time and have about 90 seconds to regroup around the last place finisher in the previous race before the next race starts.<\/p>\n<p>Championship Series\nRegistration is now open for our Championship Series events. Winners will take home a coveted Alkek Velodrome Champions Jersey! These include Scratch Race &amp; Points Races (Aug 6th), TT&#8217;s (Aug 20th), International Omnium (Aug 21st), Sprint Championships (Sept 3-5th).<\/p>\n<p>New Rider Class\nWe had a great new rider class on Saturday 17th which saw another selection of riders accredited to ride at Alkek Velodrome! Welcome! Our next class is on Sunday 15th August and you can register here.<\/p>\n<p>XCC Series Final Round\nLater the same day we hosted the summer short-track MTB race final round. We saw some great racing with Venny Wilmeth &amp; Scott Minard taking the top steps in the open races! Full results can be found here. Thanks to everyone who supported that event especially the following people:<\/p>\n<p>TJ Nguyen &#8211; Instrumental in ensuring we had beer and providing loads of help on race days!\nChristian &amp; Sebastian Bech &#8211; Running the snack shack to keep racers feed and raise money for our juniors heading to nats in 2022.\nIno Sofjan &amp; Nancy &#8211; For taking photos, helping with promo and being there on the day.\nClare Gardner &#8211; For putting up with me and volunteering at events.\nCindy &amp; Mike &#8211; Being awesome officials as always.\nJoey Martinez &amp; Scott Minard &#8211; Providing the stakes and helping get the course set up<\/p>\n<p>There are some great photos of this event on our Facebook page taken by Ino Sofjan &amp; Kenny Lim.<\/p>\n<hr \/>\n<h2><a href=\"https:\/\/www.lmtonline.com\/news\/article\/New-crossing-signal-installed-for-walking-and-16325242.php\">New crossing signal installed for walking and biking safety<\/a><\/h2>\n<h4>Zach Davis | www.lmtonline.com<\/h4>\n<p><img data-recalc-dims=\"1\" decoding=\"async\" src=\"https:\/\/i0.wp.com\/s.hdnux.com\/photos\/01\/21\/05\/20\/21255181\/3\/ratio3x2_1200.jpg?w=1200&#038;ssl=1\" alt=\"\"\/><\/p>\n<p>The Laredo Police Department celebrated a new small measure on Monday set to make the roadways safer for pedestrians.<\/p>\n<p>Police announced a new pedestrian crossing signal has been constructed at Bartlett Avenue. It is set to activate on Wednesday.<\/p>\n<p>The City of Laredo was awarded a $1.2 million grant from the &#8230;<\/p>\n<hr \/>\n<h2><a href=\"https:\/\/bicycleaustin.info\/forum\/viewtopic.php?pid=7484#p7484\">Bike-In Guerrilla Theater! ATX BFF 2K21, then Full Moon Cruise 07\/23<\/a><\/h2>\n<h4>bicycleaustin.info<\/h4>\n<p>Bike-In Guerrilla Theater! ATX BFF 2K21 bookface event, if you&#8217;re into such things.<\/p>\n<p>Full Moon Cruise bookface event.<\/p>\n<p>Calling ALL fellow cyclists, wheelie masters, roadie cyborgs, leisurely cruisers, socialist cyclers, human powered vehicle operators, it&#8217;s time to put your butts on your bikes and join us for a cinematic celebration of all things bicycle life related!<\/p>\n<p>This is the 20th Anniversary of the Bicycle Film Festival, and though we were not able to celebrate it proper with the usual rolling roadshow, I&#8217;ve decided to celebrate it in our own Austin way by running a bike ride to a guerrilla screening of the film fest! We&#8217;ve got Girls KILLING the BMX game, workers just doing their jobs, a spiritual cyclist with the most unique views on riding I&#8217;ve ever seen, and that&#8217;s just a taste of the greatness you will witness if you join us for this cinemagraphic espectacular!<\/p>\n<p>Meet-up: James D. Pfluger Pedestrian and Bicycle Bridge &#8230;<\/p>\n<hr \/>\n<p>    <blockquote class=\"reddit-card\" >      <a href=\"https:\/\/www.reddit.com\/r\/BikingATX\/comments\/onhf85\/community_meeting_11_august_at_7pm_with_the_city\/?ref_source=embed&amp;ref=share\">Community meeting 11 August at 7pm with the City of Austin on how to improve bike &amp; sidewalk infrastructure<\/a> from      <a href=\"https:\/\/www.reddit.com\/r\/BikingATX\/\">BikingATX<\/a>    <\/blockquote>    <script async src=\"https:\/\/embed.redditmedia.com\/widgets\/platform.js\" charset=\"UTF-8\"><\/script><\/p>\n<hr \/>\n<\/div>\n\n\n\n<h1 class=\"wp-block-heading\">Texas Biking from Twitter<\/h1>\n\n\n\n<figure class=\"wp-block-embed is-type-rich is-provider-twitter wp-block-embed-twitter\"><div class=\"wp-block-embed__wrapper\">\n<blockquote class=\"twitter-tweet\" data-width=\"550\" data-dnt=\"true\"><p lang=\"en\" dir=\"ltr\">STOLEN &#8211; Blue Kaabo Mantis 8 Plus in Central Austin <a href=\"https:\/\/t.co\/VwInPFd1RG\">https:\/\/t.co\/VwInPFd1RG<\/a><\/p>&mdash; BikeIndex Austin (@stolenbikesatx) <a href=\"https:\/\/twitter.com\/stolenbikesatx\/status\/1417250239220572160?ref_src=twsrc%5Etfw\">July 19, 2021<\/a><\/blockquote><script async src=\"https:\/\/platform.twitter.com\/widgets.js\" charset=\"utf-8\"><\/script>\n<\/div><\/figure>\n\n\n\n<figure class=\"wp-block-embed is-type-rich is-provider-twitter wp-block-embed-twitter\"><div class=\"wp-block-embed__wrapper\">\n<blockquote class=\"twitter-tweet\" data-width=\"550\" data-dnt=\"true\"><p lang=\"und\" dir=\"ltr\"><a href=\"https:\/\/t.co\/HQouEYXUXc\">pic.twitter.com\/HQouEYXUXc<\/a><\/p>&mdash; SA Wheelmen (@sawheelmen) <a href=\"https:\/\/twitter.com\/sawheelmen\/status\/1417256199830052868?ref_src=twsrc%5Etfw\">July 19, 2021<\/a><\/blockquote><script async src=\"https:\/\/platform.twitter.com\/widgets.js\" charset=\"utf-8\"><\/script>\n<\/div><\/figure>\n\n\n\n<figure class=\"wp-block-embed is-type-rich is-provider-twitter wp-block-embed-twitter\"><div class=\"wp-block-embed__wrapper\">\n<blockquote class=\"twitter-tweet\" data-width=\"550\" data-dnt=\"true\"><p lang=\"en\" dir=\"ltr\">We are only 60 days out from the 2021 Texas Mamma Jamma Ride! We can&#39;t wait to see your smiling faces in Taylor, Texas&#39; Heritage Square on September 18th!  Grab your friends and register today\u00e2\u017e\u00a1\u00ef\u00b8\u008f <a href=\"https:\/\/t.co\/mWpFzq9tAI\">https:\/\/t.co\/mWpFzq9tAI<\/a> <a href=\"https:\/\/t.co\/LTUalXSBfs\">pic.twitter.com\/LTUalXSBfs<\/a><\/p>&mdash; TX Mamma Jamma Ride (@MammaJammaRide) <a href=\"https:\/\/twitter.com\/MammaJammaRide\/status\/1417155491202011136?ref_src=twsrc%5Etfw\">July 19, 2021<\/a><\/blockquote><script async src=\"https:\/\/platform.twitter.com\/widgets.js\" charset=\"utf-8\"><\/script>\n<\/div><\/figure>\n\n\n\n<figure class=\"wp-block-embed is-type-rich is-provider-twitter wp-block-embed-twitter\"><div class=\"wp-block-embed__wrapper\">\n<blockquote class=\"twitter-tweet\" data-width=\"550\" data-dnt=\"true\"><p lang=\"en\" dir=\"ltr\">EARLY Dallas ride with Alice before driving to <a href=\"https:\/\/twitter.com\/hashtag\/ATX?src=hash&amp;ref_src=twsrc%5Etfw\">#ATX<\/a> OKAY.I won\u00e2\u20ac\u2122t tweet anymore about Forest Hills\u00e2\u20ac\u2122 bogus green No Parking signs after this. Could I drive with my bikes on a rack, ignore the bogus signs,park in front of the Mayor\u00e2\u20ac\u2122s house&amp;ride to the \u00e2\u0081\u00a6\u00e2\u0081\u00a6<a href=\"https:\/\/twitter.com\/dallasarboretum?ref_src=twsrc%5Etfw\">@dallasarboretum<\/a>\u00e2\u0081\u00a9 ? <a href=\"https:\/\/t.co\/TqdO1v9gih\">pic.twitter.com\/TqdO1v9gih<\/a><\/p>&mdash; Martin Russell \u00f0\u0178\u0161\u00b2\u00f0\u0178\u0090\u009d\u00f0\u0178\u0090\u00bf\u00ef\u00b8\u008f (@russell_dallas) <a href=\"https:\/\/twitter.com\/russell_dallas\/status\/1417171219426779153?ref_src=twsrc%5Etfw\">July 19, 2021<\/a><\/blockquote><script async src=\"https:\/\/platform.twitter.com\/widgets.js\" charset=\"utf-8\"><\/script>\n<\/div><\/figure>\n\n\n\n<figure class=\"wp-block-embed is-type-rich is-provider-twitter wp-block-embed-twitter\"><div class=\"wp-block-embed__wrapper\">\n<blockquote class=\"twitter-tweet\" data-width=\"550\" data-dnt=\"true\"><p lang=\"en\" dir=\"ltr\">12th place for our rider Canyon Emmott in yesterday&#39;s <a href=\"https:\/\/twitter.com\/USACRITS?ref_src=twsrc%5Etfw\">@USACRITS<\/a> <a href=\"https:\/\/twitter.com\/saltlakecrit?ref_src=twsrc%5Etfw\">@saltlakecrit<\/a> Men&#39;s Pro field sprint in Holladay, UT.<a href=\"https:\/\/twitter.com\/hashtag\/elbowzracing?src=hash&amp;ref_src=twsrc%5Etfw\">#elbowzracing<\/a> <a href=\"https:\/\/twitter.com\/hashtag\/usacrits?src=hash&amp;ref_src=twsrc%5Etfw\">#usacrits<\/a> <a href=\"https:\/\/t.co\/lHlaZBJNhQ\">https:\/\/t.co\/lHlaZBJNhQ<\/a><\/p>&mdash; ELBOWZ Racing (@elbowzracing) <a href=\"https:\/\/twitter.com\/elbowzracing\/status\/1417208843331784721?ref_src=twsrc%5Etfw\">July 19, 2021<\/a><\/blockquote><script async src=\"https:\/\/platform.twitter.com\/widgets.js\" charset=\"utf-8\"><\/script>\n<\/div><\/figure>\n\n\n\n<figure class=\"wp-block-embed is-type-rich is-provider-twitter wp-block-embed-twitter\"><div class=\"wp-block-embed__wrapper\">\n<blockquote class=\"twitter-tweet\" data-width=\"550\" data-dnt=\"true\"><p lang=\"en\" dir=\"ltr\">Don&#39;t forget: in addition to our regular road rides on Saturday we also have our Monthly Mountain Bike Ride this coming Sunday!  Rollout is at 8:30am from Double Lake.  Details?  Check the event on our website&#39;s calendar: <a href=\"https:\/\/t.co\/C4jS8Tpaqn\">https:\/\/t.co\/C4jS8Tpaqn<\/a><\/p>&mdash; Northwest Cycling Club (@NWCCHouston) <a href=\"https:\/\/twitter.com\/NWCCHouston\/status\/1417108849270591492?ref_src=twsrc%5Etfw\">July 19, 2021<\/a><\/blockquote><script async src=\"https:\/\/platform.twitter.com\/widgets.js\" charset=\"utf-8\"><\/script>\n<\/div><\/figure>\n\n\n\n<hr class=\"wp-block-separator\"\/>\n\n\n\n<h1 class=\"wp-block-heading\">New Event Added to Texbiker.net Calendar<\/h1>\n\n\n\n<figure class=\"wp-block-embed is-type-rich is-provider-twitter wp-block-embed-twitter\"><div class=\"wp-block-embed__wrapper\">\n<blockquote class=\"twitter-tweet\" data-width=\"550\" data-dnt=\"true\"><p lang=\"en\" dir=\"ltr\">New Event ARR All Level Ride &#8211; Austin, TX The Austin Mountain Bikers Meetup Group\u00c2\u00a0<br>\u00c2\u00a0<br>***2021 Protocol for ride- Please wear a mask when meeting up for announcements. We will break the groups into 10 or less people and maintain social distancing for the r\u00e2\u20ac\u00a6 <a href=\"https:\/\/t.co\/MaMuYtXYvH\">https:\/\/t.co\/MaMuYtXYvH<\/a><\/p>&mdash; Rick Ankrum (@texbiker) <a href=\"https:\/\/twitter.com\/texbiker\/status\/1417110649063231490?ref_src=twsrc%5Etfw\">July 19, 2021<\/a><\/blockquote><script async src=\"https:\/\/platform.twitter.com\/widgets.js\" charset=\"utf-8\"><\/script>\n<\/div><\/figure>\n","protected":false},"excerpt":{"rendered":"<p>Texas Biking from Twitter New Event Added to Texbiker.net Calendar<\/p>\n <a class=\"more-link\" href=\"https:\/\/www.texbiker.net\/blog\/2021\/07\/19\/texas-biking-news-july-19th-2021\/\"><span class=\"more-msg\">Continue reading &rarr;<\/span><\/a>","protected":false},"author":1,"featured_media":0,"comment_status":"open","ping_status":"open","sticky":false,"template":"","format":"standard","meta":{"_jetpack_memberships_contains_paid_content":false,"footnotes":"","jetpack_publicize_message":"","jetpack_publicize_feature_enabled":true,"jetpack_social_post_already_shared":true,"jetpack_social_options":{"image_generator_settings":{"template":"highway","enabled":false},"version":2}},"categories":[14],"tags":[2560,212,5297,4719],"class_list":["post-56980","post","type-post","status-publish","format-standard","hentry","category-bicycling-news","tag-bicycle","tag-bicycling","tag-bike","tag-biking"],"jetpack_publicize_connections":[],"jetpack_featured_media_url":"","jetpack_shortlink":"https:\/\/wp.me\/p4tok-eP2","jetpack_sharing_enabled":true,"_links":{"self":[{"href":"https:\/\/www.texbiker.net\/blog\/wp-json\/wp\/v2\/posts\/56980","targetHints":{"allow":["GET"]}}],"collection":[{"href":"https:\/\/www.texbiker.net\/blog\/wp-json\/wp\/v2\/posts"}],"about":[{"href":"https:\/\/www.texbiker.net\/blog\/wp-json\/wp\/v2\/types\/post"}],"author":[{"embeddable":true,"href":"https:\/\/www.texbiker.net\/blog\/wp-json\/wp\/v2\/users\/1"}],"replies":[{"embeddable":true,"href":"https:\/\/www.texbiker.net\/blog\/wp-json\/wp\/v2\/comments?post=56980"}],"version-history":[{"count":1,"href":"https:\/\/www.texbiker.net\/blog\/wp-json\/wp\/v2\/posts\/56980\/revisions"}],"predecessor-version":[{"id":56981,"href":"https:\/\/www.texbiker.net\/blog\/wp-json\/wp\/v2\/posts\/56980\/revisions\/56981"}],"wp:attachment":[{"href":"https:\/\/www.texbiker.net\/blog\/wp-json\/wp\/v2\/media?parent=56980"}],"wp:term":[{"taxonomy":"category","embeddable":true,"href":"https:\/\/www.texbiker.net\/blog\/wp-json\/wp\/v2\/categories?post=56980"},{"taxonomy":"post_tag","embeddable":true,"href":"https:\/\/www.texbiker.net\/blog\/wp-json\/wp\/v2\/tags?post=56980"}],"curies":[{"name":"wp","href":"https:\/\/api.w.org\/{rel}","templated":true}]}}