{"id":56986,"date":"2021-07-20T23:20:29","date_gmt":"2021-07-21T04:20:29","guid":{"rendered":"https:\/\/www.texbiker.net\/blog\/?p=56986"},"modified":"2021-07-20T23:20:32","modified_gmt":"2021-07-21T04:20:32","slug":"texas-biking-news-july-20th-2021","status":"publish","type":"post","link":"https:\/\/www.texbiker.net\/blog\/2021\/07\/20\/texas-biking-news-july-20th-2021\/","title":{"rendered":"Texas Biking News July 20th 2021"},"content":{"rendered":"\n<div class=\"wp-block-jetpack-markdown\"><h2><a href=\"https:\/\/www.houstonchronicle.com\/neighborhood\/humble-kingwood\/article\/Hundreds-of-miles-of-planned-trails-could-connect-16327022.php?utm_campaign=socialflow&amp;utm_source=twitter.com&amp;utm_medium=referral\">Hundreds of miles of planned trails could connect residents from Lake Houston to I-10<\/a><\/h2>\n<h4>Chris Shelton | www.houstonchronicle.com<\/h4>\n<p><img data-recalc-dims=\"1\" decoding=\"async\" src=\"https:\/\/i0.wp.com\/s.hdnux.com\/photos\/01\/21\/05\/74\/21258007\/3\/ratio3x2_1200.jpg?w=1200&#038;ssl=1\" alt=\"\"\/><\/p>\n<p>Hundreds of miles of new greenspace projects could connect northeast Houston residents between Summerwood and I-10.<\/p>\n<p>Harris County Precinct 1 hopes to create a system of trails that connect residents to their parks, such as Deussen, Brock, Gene Green and Sheldon Lake.<\/p>\n<p>Meanwhile, McCord Development envisions a 50-mile trail system that links its site Generation Park with surrounding communities, parks and schools, said Gonzalo Echeverria, director of design and planning for McCord Development. &#8230;<\/p>\n<hr \/>\n<h2><a href=\"https:\/\/www.kltv.com\/2021\/07\/20\/east-texas-non-profit-hosting-group-biking-california-washington\/\">Video: East Texas non-profit hosting group biking from California to Washington<\/a><\/h2>\n<h4>By Jeff Chavez | www.kltv.com<\/h4>\n<p>LONGVIEW, Texas (KLTV) &#8211; An East Texas nonprofit organization is showing some Texas hospitality to a group biking from California to Washington, D.C.<\/p>\n<p>AMBUCS Longview Too has been sponsoring the Journey of Hope for 27 years. It\u00e2\u20ac\u2122s a 59 day, 3,600 mile cross-country journey organized by The Ability Experience to raise awareness and support for people with disabilities.<\/p>\n<p>AMBUCS Too is providing a &#8230;<\/p>\n<hr \/>\n<h2><a href=\"https:\/\/patch.com\/texas\/conroe-montgomerycounty\/burn-your-buns-bike-ride-raises-over-12k-bridgewood-farms\">Burn Your Buns Bike Ride Raises Over $12K For Bridgewood Farms<\/a><\/h2>\n<h4>Jeffrey Perkins | patch.com<\/h4>\n<p>Over 300 cyclists rode through Willis and Conroe to benefit Montgomery County residents with intellectual and developmental disabilities.\n<img data-recalc-dims=\"1\" decoding=\"async\" src=\"https:\/\/i0.wp.com\/patch.com\/img\/cdn20\/users\/24942087\/20210720\/113305\/styles\/patch_image\/public\/byb-2021-bikers___20112858486.jpg?w=1200&#038;ssl=1\" alt=\"\"\/><\/p>\n<p>WILLIS, TX \u00e2\u20ac\u201d The Burn Your Buns Bike Ride made a triumphant return in 2021.<\/p>\n<p>After canceling the 2020 edition because of COVID-19, the 17th annual fundraiser for Bridgewood Farms raised over $12,000 to help the lives of Montgomery County residents with intellectual and developmental disabilities, according to a news release.<\/p>\n<p>On July 4, over &#8230;<\/p>\n<hr \/>\n<h2><a href=\"https:\/\/www.dallasnews.com\/news\/politics\/2021\/07\/20\/got-questions-for-grand-prairies-mayor-hop-on-your-bike\/\">Got questions for Grand Prairie\u00e2\u20ac\u2122s mayor? Hop on your bike<\/a><\/h2>\n<h4>By Sarah Bahari | www.dallasnews.com<\/h4>\n<p>Mayor Ron Jensen is restarting his Cyclin\u00e2\u20ac\u2122 with the Mayor and Strollin\u00e2\u20ac\u2122 with the Mayor events, which were put on hold by the coronavirus.\n<img data-recalc-dims=\"1\" decoding=\"async\" src=\"https:\/\/i0.wp.com\/dmn-dallas-news-prod.cdn.arcpublishing.com\/resizer\/hsluzyIR3Fg-oF61hdHD8nEXDeA%3D\/1660x934\/smart\/filters%3Ano_upscale%28%29\/cloudfront-us-east-1.images.arcpublishing.com\/dmn\/FELJHO26TVCRXNNUWGXL2L7UHI.jpg?w=1200&#038;ssl=1\" alt=\"\"\/><\/p>\n<p>Grand Prairie Mayor Ron Jensen admits he is no avid cyclist.<\/p>\n<p>But he does know how to ride a bicycle, so a few years ago he launched \u00e2\u20ac\u0153Cyclin\u00e2\u20ac\u2122 with the Mayor,\u00e2\u20ac\u009d a riff on Fort Worth Mayor Betsy Price\u00e2\u20ac\u2122s rolling town halls.<\/p>\n<p>Jensen will return to his bicycle July 27 for the first public ride since COVID-19 impacted public gatherings. The rides are designed to make the mayor accessible while &#8230;<\/p>\n<hr \/>\n<h2><a href=\"https:\/\/www.kxan.com\/reviews\/br\/camping-outdoors-br\/the-best-bicycle-cargo-trailer\/\">The best bicycle cargo trailer<\/a><\/h2>\n<h4>by: Bob Beacham, BestReviews Staff | www.kxan.com<\/h4>\n<p><img data-recalc-dims=\"1\" decoding=\"async\" src=\"https:\/\/i0.wp.com\/www.kxan.com\/wp-content\/uploads\/sites\/40\/2021\/07\/best-bicycle-cargo-trailers-db7019.jpg?w=1200&#038;ssl=1\" alt=\"\"\/><\/p>\n<p>Which bicycle cargo trailer is best?<\/p>\n<p>A bike basket is a useful accessory, but capacity is limited. Handlebar-mounted models can make the bike unstable with even modest loads. The answer to greater carrying ability is a good bike cargo trailer.<\/p>\n<p>Our report looks at your options and the important features you\u00e2\u20ac\u2122ll need to think about. We\u00e2\u20ac\u2122ve also made a few recommendations at the end. Our favorite, the Burley Flatbed Utility Bicycle Cargo Trailer, is an open design that offers great versatility and is light, so it won\u00e2\u20ac\u2122t slow you down.\nConsiderations when choosing a bicycle cargo trailer<\/p>\n<p>There are all sorts of trailers for bikes. Those for young kids and pets are popular, and if you\u00e2\u20ac\u2122re into bicycle touring, there are specialist single-wheel models that are light and compact for &#8230;<\/p>\n<hr \/>\n<h2><a href=\"http:\/\/durangotexas.blogspot.com\/2021\/07\/first-ride-on-new-bike-with-issue-or-two.html\">First Ride On New Bike With An Issue Or Two<\/a><\/h2>\n<h4>Durango Texas | durangotexas.blogspot.com<\/h4>\n<p><img data-recalc-dims=\"1\" decoding=\"async\" src=\"https:\/\/i0.wp.com\/1.bp.blogspot.com\/-RL19mD_4deg\/YPXEk9wUdXI\/AAAAAAAAo3k\/sUclElv32R8KWqwT30hBhpx7IET5m1vwQCLcBGAsYHQ\/s500\/Bike.jpg?w=1200&#038;ssl=1\" alt=\"\"\/><\/p>\n<p>Yesterday my new bike took me on the longest ride it has taken me, so far.<\/p>\n<p>With a new bike it takes some adjusting, both to get used to it, and to fine tune things like the brakes and the gear shifters and the seat. By the time I got to MSU (Midwestern State University) all was working fine, including the wireless speedometer.<\/p>\n<p>And then. &#8230;<\/p>\n<hr \/>\n<h2><a href=\"https:\/\/adudeabikes.com\/2021\/07\/20\/3002-miles-bicycled-in-2021-so-far\/\">3,002 Miles Bicycled in 2021\u00e2\u20ac\u00a6 So Far!<\/a><\/h2>\n<h4>A Dude Abikes | adudeabikes.com<\/h4>\n<p>Tonight\u00e2\u20ac\u2122s ride was a modest 10 miles, but it pushed me over 3,000. Round numbers make nice milestones \u00e2\u20ac\u201d in my case, literally. Normally I do statistics at the beginning of a new month for the one proceeding. But this marker seemed worthy of a post. For one thing, it is a number that tells me I will have probably ridden my bike more than driven the car I was given in the last year. There\u00e2\u20ac\u2122s something to be said for doing what one can to reduce one\u00e2\u20ac\u2122s carbon footprint, given the very real and scientific consensus that climate change is killing the planet. (Naysayers can go put on their tin foil hats elsewhere like &#8230;\n<img data-recalc-dims=\"1\" decoding=\"async\" src=\"https:\/\/adudeabikes.files.wordpress.com\/2021\/07\/strava-banner-07192021.png?w=1200\" alt=\"\"\/><\/p>\n<hr \/>\n<p>    <blockquote class=\"reddit-card\" >      <a href=\"https:\/\/www.reddit.com\/r\/BikingATX\/comments\/oofg4e\/presumably_stolen_bikes_at_clayton_ln_e_koenig_w\/?ref_source=embed&amp;ref=share\">(Presumably) Stolen Bikes at Clayton Ln. \/E Koenig W bound<\/a> from      <a href=\"https:\/\/www.reddit.com\/r\/BikingATX\/\">BikingATX<\/a>    <\/blockquote>    <script async src=\"https:\/\/embed.redditmedia.com\/widgets\/platform.js\" charset=\"UTF-8\"><\/script><\/p>\n<hr \/>\n<\/div>\n\n\n\n<h1 class=\"wp-block-heading\">Texas Biking from Twitter<\/h1>\n\n\n\n<figure class=\"wp-block-embed is-type-rich is-provider-twitter wp-block-embed-twitter\"><div class=\"wp-block-embed__wrapper\">\n<blockquote class=\"twitter-tweet\" data-width=\"550\" data-dnt=\"true\"><p lang=\"en\" dir=\"ltr\">Ex-Texans assistant Greg Knapp seriously injured in bike accident <a href=\"https:\/\/t.co\/M9twy1IIB0\">https:\/\/t.co\/M9twy1IIB0<\/a><\/p>&mdash; Houston Chronicle (@HoustonChron) <a href=\"https:\/\/twitter.com\/HoustonChron\/status\/1417620387366686720?ref_src=twsrc%5Etfw\">July 20, 2021<\/a><\/blockquote><script async src=\"https:\/\/platform.twitter.com\/widgets.js\" charset=\"utf-8\"><\/script>\n<\/div><\/figure>\n\n\n\n<figure class=\"wp-block-embed is-type-rich is-provider-twitter wp-block-embed-twitter\"><div class=\"wp-block-embed__wrapper\">\n<blockquote class=\"twitter-tweet\" data-width=\"550\" data-dnt=\"true\"><p lang=\"en\" dir=\"ltr\">Eastbound &amp; Down &amp; Back \u00f0\u0178\u0161\u00b4 | <a href=\"https:\/\/twitter.com\/hashtag\/OptOutside?src=hash&amp;ref_src=twsrc%5Etfw\">#OptOutside<\/a> <a href=\"https:\/\/twitter.com\/hashtag\/bridges?src=hash&amp;ref_src=twsrc%5Etfw\">#bridges<\/a> <a href=\"https:\/\/twitter.com\/hashtag\/cycling?src=hash&amp;ref_src=twsrc%5Etfw\">#cycling<\/a> <a href=\"https:\/\/twitter.com\/hashtag\/selfie?src=hash&amp;ref_src=twsrc%5Etfw\">#selfie<\/a> | <a href=\"https:\/\/twitter.com\/maap_cc?ref_src=twsrc%5Etfw\">@maap_cc<\/a> <a href=\"https:\/\/twitter.com\/rapha?ref_src=twsrc%5Etfw\">@rapha<\/a> | <a href=\"https:\/\/twitter.com\/Strava?ref_src=twsrc%5Etfw\">@Strava<\/a>: <a href=\"https:\/\/t.co\/NdevQFdRJi\">https:\/\/t.co\/NdevQFdRJi<\/a> <a href=\"https:\/\/t.co\/JCtmC3YkAy\">pic.twitter.com\/JCtmC3YkAy<\/a><\/p>&mdash; Nate Eguia (@N8d0gg7) <a href=\"https:\/\/twitter.com\/N8d0gg7\/status\/1417662061698551814?ref_src=twsrc%5Etfw\">July 21, 2021<\/a><\/blockquote><script async src=\"https:\/\/platform.twitter.com\/widgets.js\" charset=\"utf-8\"><\/script>\n<\/div><\/figure>\n\n\n\n<figure class=\"wp-block-embed is-type-rich is-provider-twitter wp-block-embed-twitter\"><div class=\"wp-block-embed__wrapper\">\n<blockquote class=\"twitter-tweet\" data-width=\"550\" data-dnt=\"true\"><p lang=\"en\" dir=\"ltr\">At least it\u00e2\u20ac\u2122s not back-in angle parking, imho. <a href=\"https:\/\/t.co\/yRmGirdIH6\">pic.twitter.com\/yRmGirdIH6<\/a><\/p>&mdash; Caleb Alan Pritchardo (@cubbie9000) <a href=\"https:\/\/twitter.com\/cubbie9000\/status\/1417566920644124673?ref_src=twsrc%5Etfw\">July 20, 2021<\/a><\/blockquote><script async src=\"https:\/\/platform.twitter.com\/widgets.js\" charset=\"utf-8\"><\/script>\n<\/div><\/figure>\n\n\n\n<figure class=\"wp-block-embed is-type-rich is-provider-twitter wp-block-embed-twitter\"><div class=\"wp-block-embed__wrapper\">\n<blockquote class=\"twitter-tweet\" data-width=\"550\" data-dnt=\"true\"><p lang=\"en\" dir=\"ltr\">Whether you want a speedy 100K ride or a shorter fun ride with the family, the 38th annual Tour de Gap has it all..<br><br>\u00f0\u0178\u2018\u2030 More information: <a href=\"https:\/\/t.co\/f5oo7a3Sco\">https:\/\/t.co\/f5oo7a3Sco<\/a><a href=\"https:\/\/twitter.com\/hashtag\/bicycle?src=hash&amp;ref_src=twsrc%5Etfw\">#bicycle<\/a> <a href=\"https:\/\/twitter.com\/hashtag\/cycling?src=hash&amp;ref_src=twsrc%5Etfw\">#cycling<\/a> <a href=\"https:\/\/twitter.com\/hashtag\/bike?src=hash&amp;ref_src=twsrc%5Etfw\">#bike<\/a> <a href=\"https:\/\/twitter.com\/hashtag\/bikelife?src=hash&amp;ref_src=twsrc%5Etfw\">#bikelife<\/a> <a href=\"https:\/\/twitter.com\/hashtag\/cyclinglife?src=hash&amp;ref_src=twsrc%5Etfw\">#cyclinglife<\/a> <a href=\"https:\/\/twitter.com\/hashtag\/roadbike?src=hash&amp;ref_src=twsrc%5Etfw\">#roadbike<\/a> <a href=\"https:\/\/twitter.com\/hashtag\/cyclist?src=hash&amp;ref_src=twsrc%5Etfw\">#cyclist<\/a> <a href=\"https:\/\/twitter.com\/hashtag\/mountainbike?src=hash&amp;ref_src=twsrc%5Etfw\">#mountainbike<\/a> <a href=\"https:\/\/twitter.com\/hashtag\/cyclingphotos?src=hash&amp;ref_src=twsrc%5Etfw\">#cyclingphotos<\/a> <a href=\"https:\/\/twitter.com\/hashtag\/cycle?src=hash&amp;ref_src=twsrc%5Etfw\">#cycle<\/a> <a href=\"https:\/\/twitter.com\/hashtag\/texas?src=hash&amp;ref_src=twsrc%5Etfw\">#texas<\/a> <a href=\"https:\/\/twitter.com\/hashtag\/usa?src=hash&amp;ref_src=twsrc%5Etfw\">#usa<\/a> <a href=\"https:\/\/t.co\/4l6eftGjor\">pic.twitter.com\/4l6eftGjor<\/a><\/p>&mdash; WheelBrothers (@WheelBrothers) <a href=\"https:\/\/twitter.com\/WheelBrothers\/status\/1417575035930243074?ref_src=twsrc%5Etfw\">July 20, 2021<\/a><\/blockquote><script async src=\"https:\/\/platform.twitter.com\/widgets.js\" charset=\"utf-8\"><\/script>\n<\/div><\/figure>\n\n\n\n<figure class=\"wp-block-embed is-type-rich is-provider-twitter wp-block-embed-twitter\"><div class=\"wp-block-embed__wrapper\">\n<blockquote class=\"twitter-tweet\" data-width=\"550\" data-dnt=\"true\"><p lang=\"en\" dir=\"ltr\">Good afternoon, Austin. <a href=\"https:\/\/twitter.com\/hashtag\/rideyourbike?src=hash&amp;ref_src=twsrc%5Etfw\">#rideyourbike<\/a> <a href=\"https:\/\/t.co\/Hy3QyTN6Fe\">pic.twitter.com\/Hy3QyTN6Fe<\/a><\/p>&mdash; mellowjohnnys (@mellowjohnnys) <a href=\"https:\/\/twitter.com\/mellowjohnnys\/status\/1417586559944175621?ref_src=twsrc%5Etfw\">July 20, 2021<\/a><\/blockquote><script async src=\"https:\/\/platform.twitter.com\/widgets.js\" charset=\"utf-8\"><\/script>\n<\/div><\/figure>\n\n\n\n<figure class=\"wp-block-embed is-type-rich is-provider-twitter wp-block-embed-twitter\"><div class=\"wp-block-embed__wrapper\">\n<blockquote class=\"twitter-tweet\" data-width=\"550\" data-dnt=\"true\"><p lang=\"en\" dir=\"ltr\">Tag your riding buddies!<a href=\"https:\/\/twitter.com\/hashtag\/TexasMS150?src=hash&amp;ref_src=twsrc%5Etfw\">#TexasMS150<\/a> <a href=\"https:\/\/twitter.com\/hashtag\/bikeMS?src=hash&amp;ref_src=twsrc%5Etfw\">#bikeMS<\/a> <br>Photo: thegingerrootaustin on Instagram. <a href=\"https:\/\/t.co\/cQxR74ekXQ\">pic.twitter.com\/cQxR74ekXQ<\/a><\/p>&mdash; Bike MS: Texas MS 150 (@TexasMS150) <a href=\"https:\/\/twitter.com\/TexasMS150\/status\/1417590195709300739?ref_src=twsrc%5Etfw\">July 20, 2021<\/a><\/blockquote><script async src=\"https:\/\/platform.twitter.com\/widgets.js\" charset=\"utf-8\"><\/script>\n<\/div><\/figure>\n\n\n\n<figure class=\"wp-block-embed is-type-rich is-provider-twitter wp-block-embed-twitter\"><div class=\"wp-block-embed__wrapper\">\n<blockquote class=\"twitter-tweet\" data-width=\"550\" data-dnt=\"true\"><p lang=\"en\" dir=\"ltr\">Every neighborhood deserves accessible transportation options. We\u00e2\u20ac\u2122ve partnered with Austin Public Works to create ATX Walk Bike Roll, a project to update our sidewalk, urban trails &amp; bikeway plans. Help create more interconnected ways to travel:\u00e2\u20ac\u00af <a href=\"https:\/\/t.co\/WF01OzPkLm\">https:\/\/t.co\/WF01OzPkLm<\/a> <a href=\"https:\/\/twitter.com\/hashtag\/ATXWBR?src=hash&amp;ref_src=twsrc%5Etfw\">#ATXWBR<\/a> <a href=\"https:\/\/t.co\/dCEIie8GyR\">pic.twitter.com\/dCEIie8GyR<\/a><\/p>&mdash; ATX Transportation (@austinmobility) <a href=\"https:\/\/twitter.com\/austinmobility\/status\/1417591117994881029?ref_src=twsrc%5Etfw\">July 20, 2021<\/a><\/blockquote><script async src=\"https:\/\/platform.twitter.com\/widgets.js\" charset=\"utf-8\"><\/script>\n<\/div><\/figure>\n\n\n\n<figure class=\"wp-block-embed is-type-rich is-provider-twitter wp-block-embed-twitter\"><div class=\"wp-block-embed__wrapper\">\n<blockquote class=\"twitter-tweet\" data-width=\"550\" data-dnt=\"true\"><p lang=\"en\" dir=\"ltr\">Para B Men Flying 200m Final &#8211; Results<br>Michael Stephens (Pilot: Joseph Christiansen) &#8211; are your national champions! <a href=\"https:\/\/t.co\/6PLG1Sqa4H\">pic.twitter.com\/6PLG1Sqa4H<\/a><\/p>&mdash; USA Cycling LIVE (@usacyclinglive) <a href=\"https:\/\/twitter.com\/usacyclinglive\/status\/1417596619311259652?ref_src=twsrc%5Etfw\">July 20, 2021<\/a><\/blockquote><script async src=\"https:\/\/platform.twitter.com\/widgets.js\" charset=\"utf-8\"><\/script>\n<\/div><\/figure>\n\n\n\n<figure class=\"wp-block-embed is-type-rich is-provider-twitter wp-block-embed-twitter\"><div class=\"wp-block-embed__wrapper\">\n<blockquote class=\"twitter-tweet\" data-width=\"550\" data-dnt=\"true\"><p lang=\"en\" dir=\"ltr\"><a href=\"https:\/\/twitter.com\/hashtag\/TuesdayTip?src=hash&amp;ref_src=twsrc%5Etfw\">#TuesdayTip<\/a> If you are planning your route and can&#39;t seem to find a bike lane along, don&#39;t fret. Every lane is a bike lane! Just make sure to ride with the flow of traffic, not against it.<a href=\"https:\/\/twitter.com\/hashtag\/ridesmart?src=hash&amp;ref_src=twsrc%5Etfw\">#ridesmart<\/a> <a href=\"https:\/\/twitter.com\/hashtag\/bikeshare?src=hash&amp;ref_src=twsrc%5Etfw\">#bikeshare<\/a> <a href=\"https:\/\/twitter.com\/hashtag\/bikelove?src=hash&amp;ref_src=twsrc%5Etfw\">#bikelove<\/a> <a href=\"https:\/\/twitter.com\/hashtag\/bcycle?src=hash&amp;ref_src=twsrc%5Etfw\">#bcycle<\/a> <a href=\"https:\/\/t.co\/EHcSoZQYid\">pic.twitter.com\/EHcSoZQYid<\/a><\/p>&mdash; Fort Worth Bike Sharing (@fwbikesharing) <a href=\"https:\/\/twitter.com\/fwbikesharing\/status\/1417498799623352322?ref_src=twsrc%5Etfw\">July 20, 2021<\/a><\/blockquote><script async src=\"https:\/\/platform.twitter.com\/widgets.js\" charset=\"utf-8\"><\/script>\n<\/div><\/figure>\n\n\n\n<figure class=\"wp-block-embed is-type-rich is-provider-twitter wp-block-embed-twitter\"><div class=\"wp-block-embed__wrapper\">\n<blockquote class=\"twitter-tweet\" data-width=\"550\" data-dnt=\"true\"><p lang=\"en\" dir=\"ltr\">The recently released 2021 HHH map. (Note:  there is no rest stop 11a) <a href=\"https:\/\/t.co\/PKwjdVDJmI\">pic.twitter.com\/PKwjdVDJmI<\/a><\/p>&mdash; Hotter&#39;n Hell 100 (@HotternHell100) <a href=\"https:\/\/twitter.com\/HotternHell100\/status\/1417512342796095491?ref_src=twsrc%5Etfw\">July 20, 2021<\/a><\/blockquote><script async src=\"https:\/\/platform.twitter.com\/widgets.js\" charset=\"utf-8\"><\/script>\n<\/div><\/figure>\n\n\n\n<figure class=\"wp-block-embed is-type-rich is-provider-twitter wp-block-embed-twitter\"><div class=\"wp-block-embed__wrapper\">\n<blockquote class=\"twitter-tweet\" data-width=\"550\" data-dnt=\"true\"><p lang=\"en\" dir=\"ltr\">Take a trip to our A-train Rail Trail to take a ride! You can even follow the trail across Lake Lewisville. <a href=\"https:\/\/twitter.com\/hashtag\/RideDCTA?src=hash&amp;ref_src=twsrc%5Etfw\">#RideDCTA<\/a> <a href=\"https:\/\/t.co\/85ydzMzLDv\">https:\/\/t.co\/85ydzMzLDv<\/a> <a href=\"https:\/\/t.co\/oPLQ6C0xLI\">pic.twitter.com\/oPLQ6C0xLI<\/a><\/p>&mdash; DCTA (@RideDCTA) <a href=\"https:\/\/twitter.com\/RideDCTA\/status\/1417532281812553728?ref_src=twsrc%5Etfw\">July 20, 2021<\/a><\/blockquote><script async src=\"https:\/\/platform.twitter.com\/widgets.js\" charset=\"utf-8\"><\/script>\n<\/div><\/figure>\n\n\n\n<figure class=\"wp-block-embed is-type-rich is-provider-twitter wp-block-embed-twitter\"><div class=\"wp-block-embed__wrapper\">\n<blockquote class=\"twitter-tweet\" data-width=\"550\" data-dnt=\"true\"><p lang=\"en\" dir=\"ltr\">Wheels Up! \u00f0\u0178\u0161\u0090<br><br>Play Lewisville On Wheels is heading to Central Park (1899 S. Edmonds Ln.) this week!<br><br>\u00f0\u0178\u2014\u201c Wednesday, July 21<br><br>\u00e2\u008f\u00b0 9-10 AM<br><br>Come enjoy the park and all of the fun activities provided by the PLAY Team. \u00e2\u0161\u00bd\u00ef\u00b8\u008f\u00f0\u0178\u008f\u02c6\u00f0\u0178\u00aa\u0081\u00f0\u0178\u00a7\u00a9 Play Lewisville On Wheels van also provides FREE wifi! <a href=\"https:\/\/t.co\/iATiHjK3zj\">pic.twitter.com\/iATiHjK3zj<\/a><\/p>&mdash; LewisvillePARD (@LewisvillePard) <a href=\"https:\/\/twitter.com\/LewisvillePard\/status\/1417512513294553088?ref_src=twsrc%5Etfw\">July 20, 2021<\/a><\/blockquote><script async src=\"https:\/\/platform.twitter.com\/widgets.js\" charset=\"utf-8\"><\/script>\n<\/div><\/figure>\n\n\n\n<figure class=\"wp-block-embed is-type-rich is-provider-twitter wp-block-embed-twitter\"><div class=\"wp-block-embed__wrapper\">\n<blockquote class=\"twitter-tweet\" data-width=\"550\" data-dnt=\"true\"><p lang=\"en\" dir=\"ltr\">Para C4 Men Pursuit Final &#8211; <br>Jason Macom with the win! <a href=\"https:\/\/t.co\/4vUYsDsWFg\">pic.twitter.com\/4vUYsDsWFg<\/a><\/p>&mdash; USA Cycling LIVE (@usacyclinglive) <a href=\"https:\/\/twitter.com\/usacyclinglive\/status\/1417486241797394442?ref_src=twsrc%5Etfw\">July 20, 2021<\/a><\/blockquote><script async src=\"https:\/\/platform.twitter.com\/widgets.js\" charset=\"utf-8\"><\/script>\n<\/div><\/figure>\n\n\n\n<figure class=\"wp-block-embed is-type-rich is-provider-twitter wp-block-embed-twitter\"><div class=\"wp-block-embed__wrapper\">\n<blockquote class=\"twitter-tweet\" data-width=\"550\" data-dnt=\"true\"><p lang=\"en\" dir=\"ltr\">Congrats to Tim on his new Pinarello Paris! What a hot bike! Everyone back in Shreveport will be eyeballing this up and down the road! Have fun!<br><br>Shop Pinarello US Online: <a href=\"https:\/\/t.co\/E6Ykx6plP5\">https:\/\/t.co\/E6Ykx6plP5<\/a><a href=\"https:\/\/twitter.com\/hashtag\/TexassPremierBikeShop?src=hash&amp;ref_src=twsrc%5Etfw\">#TexassPremierBikeShop<\/a> <a href=\"https:\/\/twitter.com\/hashtag\/DestinationLocalBikeShop?src=hash&amp;ref_src=twsrc%5Etfw\">#DestinationLocalBikeShop<\/a> <a href=\"https:\/\/twitter.com\/hashtag\/Pinarello?src=hash&amp;ref_src=twsrc%5Etfw\">#Pinarello<\/a> <a href=\"https:\/\/t.co\/LyL0tLxc5W\">pic.twitter.com\/LyL0tLxc5W<\/a><\/p>&mdash; Bicycle World (@BicycleWorldTx) <a href=\"https:\/\/twitter.com\/BicycleWorldTx\/status\/1417477285687533575?ref_src=twsrc%5Etfw\">July 20, 2021<\/a><\/blockquote><script async src=\"https:\/\/platform.twitter.com\/widgets.js\" charset=\"utf-8\"><\/script>\n<\/div><\/figure>\n\n\n\n<figure class=\"wp-block-embed is-type-rich is-provider-twitter wp-block-embed-twitter\"><div class=\"wp-block-embed__wrapper\">\n<blockquote class=\"twitter-tweet\" data-width=\"550\" data-dnt=\"true\"><p lang=\"en\" dir=\"ltr\">Para B Men Pursuit Final &#8211; <br>Griffin Pinkow and Charles Hursh take the win! <a href=\"https:\/\/t.co\/mVYooW0QFq\">pic.twitter.com\/mVYooW0QFq<\/a><\/p>&mdash; USA Cycling LIVE (@usacyclinglive) <a href=\"https:\/\/twitter.com\/usacyclinglive\/status\/1417481717678592012?ref_src=twsrc%5Etfw\">July 20, 2021<\/a><\/blockquote><script async src=\"https:\/\/platform.twitter.com\/widgets.js\" charset=\"utf-8\"><\/script>\n<\/div><\/figure>\n\n\n\n<hr class=\"wp-block-separator\"\/>\n\n\n\n<h1 class=\"wp-block-heading\">New Event Added to Texbiker.net Calendar<\/h1>\n\n\n\n<figure class=\"wp-block-embed is-type-rich is-provider-twitter wp-block-embed-twitter\"><div class=\"wp-block-embed__wrapper\">\n<blockquote class=\"twitter-tweet\" data-width=\"550\" data-dnt=\"true\"><p lang=\"en\" dir=\"ltr\">New Event Monday Madness &#8211; Dallas, TX For full details, including the address, and to RSVP see: <a href=\"https:\/\/t.co\/dTDfgtnxdT\">https:\/\/t.co\/dTDfgtnxdT<\/a><br><br>Welcome to Monday Madness. We will ride the SOPAC Trail which is an out and back ride and is 5.5 miles out and 5.5 miles back, this \u00e2\u20ac\u00a6 <a href=\"https:\/\/t.co\/ow3bgHSZ3h\">https:\/\/t.co\/ow3bgHSZ3h<\/a><\/p>&mdash; Rick Ankrum (@texbiker) <a href=\"https:\/\/twitter.com\/texbiker\/status\/1417578741052678151?ref_src=twsrc%5Etfw\">July 20, 2021<\/a><\/blockquote><script async src=\"https:\/\/platform.twitter.com\/widgets.js\" charset=\"utf-8\"><\/script>\n<\/div><\/figure>\n","protected":false},"excerpt":{"rendered":"<p>Texas Biking from Twitter New Event Added to Texbiker.net Calendar<\/p>\n <a class=\"more-link\" href=\"https:\/\/www.texbiker.net\/blog\/2021\/07\/20\/texas-biking-news-july-20th-2021\/\"><span class=\"more-msg\">Continue reading &rarr;<\/span><\/a>","protected":false},"author":1,"featured_media":0,"comment_status":"open","ping_status":"open","sticky":false,"template":"","format":"standard","meta":{"_jetpack_memberships_contains_paid_content":false,"footnotes":"","jetpack_publicize_message":"","jetpack_publicize_feature_enabled":true,"jetpack_social_post_already_shared":true,"jetpack_social_options":{"image_generator_settings":{"template":"highway","enabled":false},"version":2}},"categories":[14],"tags":[2560,212,5297,4719],"class_list":["post-56986","post","type-post","status-publish","format-standard","hentry","category-bicycling-news","tag-bicycle","tag-bicycling","tag-bike","tag-biking"],"jetpack_publicize_connections":[],"jetpack_featured_media_url":"","jetpack_shortlink":"https:\/\/wp.me\/p4tok-eP8","jetpack_sharing_enabled":true,"_links":{"self":[{"href":"https:\/\/www.texbiker.net\/blog\/wp-json\/wp\/v2\/posts\/56986","targetHints":{"allow":["GET"]}}],"collection":[{"href":"https:\/\/www.texbiker.net\/blog\/wp-json\/wp\/v2\/posts"}],"about":[{"href":"https:\/\/www.texbiker.net\/blog\/wp-json\/wp\/v2\/types\/post"}],"author":[{"embeddable":true,"href":"https:\/\/www.texbiker.net\/blog\/wp-json\/wp\/v2\/users\/1"}],"replies":[{"embeddable":true,"href":"https:\/\/www.texbiker.net\/blog\/wp-json\/wp\/v2\/comments?post=56986"}],"version-history":[{"count":1,"href":"https:\/\/www.texbiker.net\/blog\/wp-json\/wp\/v2\/posts\/56986\/revisions"}],"predecessor-version":[{"id":56987,"href":"https:\/\/www.texbiker.net\/blog\/wp-json\/wp\/v2\/posts\/56986\/revisions\/56987"}],"wp:attachment":[{"href":"https:\/\/www.texbiker.net\/blog\/wp-json\/wp\/v2\/media?parent=56986"}],"wp:term":[{"taxonomy":"category","embeddable":true,"href":"https:\/\/www.texbiker.net\/blog\/wp-json\/wp\/v2\/categories?post=56986"},{"taxonomy":"post_tag","embeddable":true,"href":"https:\/\/www.texbiker.net\/blog\/wp-json\/wp\/v2\/tags?post=56986"}],"curies":[{"name":"wp","href":"https:\/\/api.w.org\/{rel}","templated":true}]}}