{"id":57658,"date":"2021-10-11T23:38:38","date_gmt":"2021-10-12T04:38:38","guid":{"rendered":"https:\/\/www.texbiker.net\/blog\/?p=57658"},"modified":"2021-10-11T23:38:41","modified_gmt":"2021-10-12T04:38:41","slug":"texas-biking-news-october-11th-2021","status":"publish","type":"post","link":"https:\/\/www.texbiker.net\/blog\/2021\/10\/11\/texas-biking-news-october-11th-2021\/","title":{"rendered":"Texas Biking News October 11th 2021"},"content":{"rendered":"\n<div class=\"wp-block-jetpack-markdown\"><h2><a href=\"https:\/\/adudeabikes.com\/2021\/10\/11\/worlds-collide-a-midnight-rider-visits-a-dude-abikes\/\">Worlds Collide: A Midnight Rider Visits A Dude Abikes<\/a><\/h2>\n<h4>A Dude Abikes | adudeabikes.com<\/h4>\n<p><img data-recalc-dims=\"1\" decoding=\"async\" src=\"https:\/\/adudeabikes.files.wordpress.com\/2021\/10\/wp-16339250718295014276844561947124.jpg?w=1200\" alt=\"\"\/><\/p>\n<p>OK, the truth is he didn\u00e2\u20ac\u2122t come to Austin, Texas just to visit me, he came to see his son. But since he asked, I couldn\u00e2\u20ac\u2122t get out of town in time, I couldn\u00e2\u20ac\u2122t weasel out of it. Just kidding. A Midnight Rider hails from Southeastern Massachusetts, and from the moment he exclaimed \u00e2\u20ac\u0153Dude!\u00e2\u20ac\u009d I was taken back to my college days in Vermont. That New England accent ain\u00e2\u20ac\u2122t heard too much around these parts, but it was welcome to my ears. If you\u00e2\u20ac\u2122re not familiar with it, the letter \u00e2\u20ac\u0153r\u00e2\u20ac\u009d in certain words is a lot softer. So \u00e2\u20ac\u0153Park the car in the yard\u00e2\u20ac\u009d sounds like \u00e2\u20ac\u0153Pahk the cah in the yahd.\u00e2\u20ac\u009d Anyway, here\u00e2\u20ac\u2122s a little recap of our get together. &#8230;<\/p>\n<hr \/>\n<h2><a href=\"https:\/\/finance.yahoo.com\/news\/owner-gazelle-bikes-buys-cannondale-104345785.html\">Owner of Gazelle bikes buys Cannondale, Schwinn for $810 million<\/a><\/h2>\n<h4>finance.yahoo.com<\/h4>\n<p>AMSTERDAM, Oct 11 (Reuters) &#8211; The Dutch owner of bike brands including Gazelle, Santa Cruz and Urban Arrow said on Monday it has agreed to buy brands including Cannondale, Schwinn and Mongoose from owner Dorel Industries Inc. for $810 million, creating one of the largest bike makers globally with $2.5 billion in estimated annual sales.<\/p>\n<p>Pon Holdings, which bid unsuccessfully to buy the Sparta and Batavus brands for $900 million in 2017, said the Dorel acquisition would give it a strong foothold in U.S. markets, where it expects to sell e-bikes as well as road, city and mountain bikes.<\/p>\n<p>&quot;Together we can further cater to the ever &#8230;<\/p>\n<hr \/>\n<h2><a href=\"https:\/\/www.linkedin.com\/jobs\/view\/sales-associate-at-trek-bicycle-2752088260\">Sales Associate Trek Bicycle Fort Worth, TX<\/a><\/h2>\n<h4>www.linkedin.com<\/h4>\n<p>&#8230; What You\u00e2\u20ac\u2122ll Do<\/p>\n<p>First thing you need to know: this isn\u00e2\u20ac\u2122t a typical retail gig. As a Trek Sales Associate, you\u00e2\u20ac\u2122ll be on the frontlines helping people have fun by riding bikes. You\u00e2\u20ac\u2122ll get to learn about some of the smartest products in the cycling industry, make thoughtful recommendations to your customers, and carry on meaningful relationships with riders in your community. The pace is fast, the customers are curious, and having an all-for-one, customer-centric team mentality is huge. We value hospitality skills first, and we\u00e2\u20ac\u2122d rather hire someone who\u00e2\u20ac\u2122s eager to learn than someone who thinks they know it all. If you\u00e2\u20ac\u2122re already a bike expert, that\u00e2\u20ac\u2122s awesome. If not, we\u00e2\u20ac\u2122ll train you. The key is that you know how to treat customers, evaluate their needs, and exceed their expectations. &#8230;<\/p>\n<hr \/>\n<h2><a href=\"http:\/\/www.crazyguyonabike.com\/doc\/page\/?page_id=622857\">David on the Southern Tier<\/a><\/h2>\n<h4>By David Jelmini | www.crazyguyonabike.com<\/h4>\n<h4>Day 21: Sanderson to Comstock, 2720\u00e2\u20ac\u2122 of climbing, 7 hours in the saddle: No country for old men or cyclists<\/h4>\n<p>Saturday October 9, 2021, 81 miles (130 km) &#8211; Total so far: 1,077 miles (1,733 km)\nI\u00e2\u20ac\u2122ll just start off by saying today pretty much sucked. I don\u00e2\u20ac\u2122t know when I\u00e2\u20ac\u2122ve had a tougher day on a bike. But I digress. So started off early with great weather like always, and then the wind kicks up, but pretty mild till late morning. &#8230;<\/p>\n<p><img data-recalc-dims=\"1\" decoding=\"async\" src=\"https:\/\/i0.wp.com\/www.crazyguyonabike.com\/pics\/docs\/00\/02\/00\/89\/small\/4037BF4C-08BE-4442-92ED-CCC1957CA0A6.jpeg?w=1200\" alt=\"\"\/><\/p>\n<h4>Day 22: Comstock to Del Rio: 1138\u00e2\u20ac\u2122 of climbing, 4 hrs in the saddle. On the border with more wind<\/h4>\n<p>Sunday October 10, 2021, 41 miles (66 km) &#8211; Total so far: 1,118 miles (1,799 km)\nThe wind persisted all night. I figured it would calm down in the morning like usual, but not today. Left camp into the wind and it only got worse, up to around 15mph. The climbing wasn\u00e2\u20ac\u2122t too bad but the constant wind really sucked. Fortunately it wasn\u00e2\u20ac\u2122t a long day. &#8230;<\/p>\n<p><img data-recalc-dims=\"1\" decoding=\"async\" src=\"https:\/\/i0.wp.com\/www.crazyguyonabike.com\/pics\/docs\/00\/02\/00\/89\/small\/AE6A381E-250B-46F7-B545-FE21456F5EDE.jpeg?w=1200\" alt=\"\"\/><\/p>\n<hr \/>\n<p>    <blockquote class=\"reddit-card\" >      <a href=\"https:\/\/www.reddit.com\/r\/bicycling\/comments\/q63roq\/i_rode_across_the_country_this_summer_2600_miles\/?ref_source=embed&amp;ref=share\">I rode across the country this summer! 2600 miles in 43 days. Thought y&#8217;all would enjoy some pics<\/a> from      <a href=\"https:\/\/www.reddit.com\/r\/bicycling\/\">bicycling<\/a>    <\/blockquote>    <script async src=\"https:\/\/embed.redditmedia.com\/widgets\/platform.js\" charset=\"UTF-8\"><\/script><\/p>\n<hr \/>\n<p>    <blockquote class=\"reddit-card\" >      <a href=\"https:\/\/www.reddit.com\/r\/cycling\/comments\/q6590t\/das_pdate_on_six_cyclists_hit_in_waller_county\/?ref_source=embed&amp;ref=share\">DA&quot;s pdate on six cyclists hit in Waller County<\/a> from      <a href=\"https:\/\/www.reddit.com\/r\/cycling\/\">cycling<\/a>    <\/blockquote>    <script async src=\"https:\/\/embed.redditmedia.com\/widgets\/platform.js\" charset=\"UTF-8\"><\/script><\/p>\n<hr \/>\n<h2><a href=\"https:\/\/www.alkekvelodrome.com\">Alkek Velodrome News<\/a><\/h2>\n<h4>Stuart Gardner | www.alkekvelodrome.com<\/h4>\n<p>Upcoming Events\nMadison Super Sling Clinic w\/Coach Carl Jones &#8211; 5:30-8pm Weds 13th Oct<\/p>\n<p>Friday Night Racing Finale Feat. Madison Championships &#8211; 6:30pm Oct 15th<\/p>\n<p>Season Finale!\nOur season finale is on Friday Night! We&#8217;ll have free Karbach Brewing, some soft drinks and Taco&#8217;s a Go Go will be on site selling food!\nRace registration is open.<\/p>\n<p>Live Results &amp; Schedule Link\n<em><strong>Actual Schedule will depend on participation<\/strong><\/em><\/p>\n<p>Rider of the Year Awards\nRider of the year awards for the top 3 riders in each category will be presented during the evening. Final standings are available here.<\/p>\n<p>Madison Races\nMadison Flying Lap &#8211; Rider one will complete a 2 lap wind up exchanging with rider 2 between the pursuit line on the back straight and start\/finish line on the bell lap. Rider 2 will then be timed for 1 lap starting and finishing at the start\/finish line.<\/p>\n<p>Madison Points Race &#8211; This works the same as a regular points race however teams will operate in pairs with one rider active and one on relief. They will exchange through handslings or pushing. The active rider will designate the teams race position and be able to score points.<\/p>\n<p>Team Races\nThese are designed to provide a fun alternative to those who don&#8217;t want to do the Madison. Riders will ride the race individually but be scored as a team. As such teams are required to not contain more than 1 rider who has won an elite race this year.<\/p>\n<p>Team Scratch &#8211; Teams of 2 (3 if required) race together and are scored on the 2nd rider to cross the line.<\/p>\n<p>Team Points &#8211; Both riders race and points are combined at the end to determine the winners. If a team of 3 races the total 2\/3 of the total points of the 3 will be used.<\/p>\n<p>Junior U12&#8217;s\nIf we can get 3 or more younger juniors out they will run a race scheduled of 4 Lap Scratch Race, 500m Chariot and 6 Lap Point a Lap in the regular omnium format.<\/p>\n<p>CX Under the Lights\nCX Under the Lights is back, running weekly at 7pm it starts on Wednesday 27th October and will run every Wednesday until December 8th. More info can be found on the HTXCXLights Facebook Page<\/p>\n<hr \/>\n<h1>Texas Biking from Twitter<\/h1>\n<p><blockquote class=\"twitter-tweet\" data-width=\"550\" data-dnt=\"true\"><p lang=\"en\" dir=\"ltr\">Next Monday evening, come learn how to dial in your suspension for where and how you ride.<br><br>Register here: <a href=\"https:\/\/t.co\/4vE494HVtt\">https:\/\/t.co\/4vE494HVtt<\/a> <a href=\"https:\/\/twitter.com\/hashtag\/rideyourbike?src=hash&amp;ref_src=twsrc%5Etfw\">#rideyourbike<\/a> <a href=\"https:\/\/t.co\/hwvmQBSwjN\">pic.twitter.com\/hwvmQBSwjN<\/a><\/p>&mdash; mellowjohnnys (@mellowjohnnys) <a href=\"https:\/\/twitter.com\/mellowjohnnys\/status\/1447686737237512195?ref_src=twsrc%5Etfw\">October 11, 2021<\/a><\/blockquote><script async src=\"https:\/\/platform.twitter.com\/widgets.js\" charset=\"utf-8\"><\/script><\/p>\n<p><blockquote class=\"twitter-tweet\" data-width=\"550\" data-dnt=\"true\"><p lang=\"en\" dir=\"ltr\">Today <a href=\"https:\/\/twitter.com\/Bryce_Newberry?ref_src=twsrc%5Etfw\">@Bryce_Newberry<\/a> planned the most fun <a href=\"https:\/\/twitter.com\/hashtag\/DaybreakAdventure?src=hash&amp;ref_src=twsrc%5Etfw\">#DaybreakAdventure<\/a> at Spider Mountain in Burnet! \u00f0\u0178\u0161\u00b4 Love this place and these humans \u00f0\u0178\u2019\u203a So excited for this to air! <a href=\"https:\/\/t.co\/tljWH87lnb\">pic.twitter.com\/tljWH87lnb<\/a><\/p>&mdash; Conner Board (@ConnerBoard) <a href=\"https:\/\/twitter.com\/ConnerBoard\/status\/1447649154839289862?ref_src=twsrc%5Etfw\">October 11, 2021<\/a><\/blockquote><script async src=\"https:\/\/platform.twitter.com\/widgets.js\" charset=\"utf-8\"><\/script><\/p>\n<p><blockquote class=\"twitter-tweet\" data-width=\"550\" data-dnt=\"true\"><p lang=\"en\" dir=\"ltr\">A daybreak adventure coming to a TV near you very soon! \u00f0\u0178\u201c\u00ba The <a href=\"https:\/\/twitter.com\/KVUE?ref_src=twsrc%5Etfw\">@KVUE<\/a> Daybreak team had SUCH a blast mountain biking \u00f0\u0178\u0161\u00b5\u00e2\u20ac\u008d\u00e2\u2122\u20ac\u00ef\u00b8\u008f at Spider Mountain \u00f0\u0178\u2022\u00b7 in Burnet!! They have cabins, trails, and wonderful skilled staff who welcomed us.<br><br>No one face planted ayeeeee!!!! \u00f0\u0178\u02dc\u008d\u00f0\u0178\u02dc\u008d\u00f0\u0178\u02dc\u008d <a href=\"https:\/\/t.co\/iR44YOAKp9\">pic.twitter.com\/iR44YOAKp9<\/a><\/p>&mdash; Hannah Rucker KVUE (@suphannahrucker) <a href=\"https:\/\/twitter.com\/suphannahrucker\/status\/1447644614115184650?ref_src=twsrc%5Etfw\">October 11, 2021<\/a><\/blockquote><script async src=\"https:\/\/platform.twitter.com\/widgets.js\" charset=\"utf-8\"><\/script><\/p>\n<p><blockquote class=\"twitter-tweet\" data-width=\"550\" data-dnt=\"true\"><p lang=\"en\" dir=\"ltr\">Rode a bit at <a href=\"https:\/\/twitter.com\/hashtag\/WalnutCreek?src=hash&amp;ref_src=twsrc%5Etfw\">#WalnutCreek<\/a> but it was a muddy mess. Starbucks ride was a rousing success. (Also saw EMS and Fire Department help a woman who had driven her car through the barricade and into the creek down the hill from 38 1\/2 on Cherrywood\u00e2\u20ac\u201d next to the new traffic calming spot.) <a href=\"https:\/\/t.co\/7caNgNCJIn\">pic.twitter.com\/7caNgNCJIn<\/a><\/p>&mdash; Martin Russell \u00f0\u0178\u0161\u00b2\u00f0\u0178\u0090\u009d\u00f0\u0178\u0090\u00bf\u00ef\u00b8\u008f (@russell_dallas) <a href=\"https:\/\/twitter.com\/russell_dallas\/status\/1447650826957332487?ref_src=twsrc%5Etfw\">October 11, 2021<\/a><\/blockquote><script async src=\"https:\/\/platform.twitter.com\/widgets.js\" charset=\"utf-8\"><\/script><\/p>\n<p><blockquote class=\"twitter-tweet\" data-width=\"550\" data-dnt=\"true\"><p lang=\"en\" dir=\"ltr\">Waller County&#39;s district attorney on Monday said Waller Police failed to properly investigate a crash last month that injured six bicyclists.<br><br>Witnesses said the crash occurred as a local 16-year-old intentionally blew exhaust smoke on the riders. <a href=\"https:\/\/t.co\/VaHyiWvgog\">https:\/\/t.co\/VaHyiWvgog<\/a><\/p>&mdash; Houston Chronicle (@HoustonChron) <a href=\"https:\/\/twitter.com\/HoustonChron\/status\/1447668176024707074?ref_src=twsrc%5Etfw\">October 11, 2021<\/a><\/blockquote><script async src=\"https:\/\/platform.twitter.com\/widgets.js\" charset=\"utf-8\"><\/script><\/p>\n<p><blockquote class=\"twitter-tweet\" data-width=\"550\" data-dnt=\"true\"><p lang=\"en\" dir=\"ltr\">The recall will ask owners of the popular bike to bring it to a retailer over concerns of possible steerer tube failure. <a href=\"https:\/\/t.co\/slDNxw2Dmy\">https:\/\/t.co\/slDNxw2Dmy<\/a><\/p>&mdash; Bicycling Magazine (@BicyclingMag) <a href=\"https:\/\/twitter.com\/BicyclingMag\/status\/1447647275413557248?ref_src=twsrc%5Etfw\">October 11, 2021<\/a><\/blockquote><script async src=\"https:\/\/platform.twitter.com\/widgets.js\" charset=\"utf-8\"><\/script><\/p>\n<p><blockquote class=\"twitter-tweet\" data-width=\"550\" data-dnt=\"true\"><p lang=\"en\" dir=\"ltr\">Not withstanding a run-in with one aggressive driver, we had a great <a href=\"https:\/\/twitter.com\/hashtag\/BiketoberfestHOU?src=hash&amp;ref_src=twsrc%5Etfw\">#BiketoberfestHOU<\/a> ride last Saturday to <a href=\"https:\/\/twitter.com\/NewMagnoliaBrew?ref_src=twsrc%5Etfw\">@NewMagnoliaBrew<\/a>. <a href=\"https:\/\/t.co\/0NFpjXifYR\">pic.twitter.com\/0NFpjXifYR<\/a><\/p>&mdash; BikeHouston (@BikeHouston) <a href=\"https:\/\/twitter.com\/BikeHouston\/status\/1447624708191657984?ref_src=twsrc%5Etfw\">October 11, 2021<\/a><\/blockquote><script async src=\"https:\/\/platform.twitter.com\/widgets.js\" charset=\"utf-8\"><\/script><\/p>\n<p><blockquote class=\"twitter-tweet\" data-width=\"550\" data-dnt=\"true\"><p lang=\"en\" dir=\"ltr\">We hope you\u00e2\u20ac\u2122ll join us this Saturday for another round: we\u00e2\u20ac\u2122ll be rolling out from Hermann Park at 2PM for a ride up to <a href=\"https:\/\/twitter.com\/HollerBeer?ref_src=twsrc%5Etfw\">@HollerBeer<\/a>. <a href=\"https:\/\/twitter.com\/hashtag\/BiketoberfestHOU?src=hash&amp;ref_src=twsrc%5Etfw\">#BiketoberfestHOU<\/a> rides are members only \u00e2\u20ac\u201d if you\u00e2\u20ac\u2122re not a member, you can ride with us and join in person at Holler! <a href=\"https:\/\/t.co\/ft4CRvgbH1\">https:\/\/t.co\/ft4CRvgbH1<\/a><\/p>&mdash; BikeHouston (@BikeHouston) <a href=\"https:\/\/twitter.com\/BikeHouston\/status\/1447624712322965504?ref_src=twsrc%5Etfw\">October 11, 2021<\/a><\/blockquote><script async src=\"https:\/\/platform.twitter.com\/widgets.js\" charset=\"utf-8\"><\/script><\/p>\n<p><blockquote class=\"twitter-tweet\" data-width=\"550\" data-dnt=\"true\"><p lang=\"en\" dir=\"ltr\">Don\u00e2\u20ac\u2122t want to pay for parking or deal with the traffic at the Alamodome on game day? Join the Office of Sustainability this Saturday for a bike ride from the Downtown Campus parking lot D1 to the game at the Alamodome! <a href=\"https:\/\/t.co\/QXSDBiS7Ml\">pic.twitter.com\/QXSDBiS7Ml<\/a><\/p>&mdash; UTSA Sustainability \u00f0\u0178\u008d\u0081\u00f0\u0178\u008d\u201a\u00f0\u0178\u0152\u00bc\u00f0\u0178\u00a6\u2039 (@UTSASustain) <a href=\"https:\/\/twitter.com\/UTSASustain\/status\/1447635150360268800?ref_src=twsrc%5Etfw\">October 11, 2021<\/a><\/blockquote><script async src=\"https:\/\/platform.twitter.com\/widgets.js\" charset=\"utf-8\"><\/script><\/p>\n<p><blockquote class=\"twitter-tweet\" data-width=\"550\" data-dnt=\"true\"><p lang=\"und\" dir=\"ltr\"><a href=\"https:\/\/twitter.com\/hashtag\/brownsvilletx?src=hash&amp;ref_src=twsrc%5Etfw\">#brownsvilletx<\/a> <a href=\"https:\/\/twitter.com\/hashtag\/bicycle?src=hash&amp;ref_src=twsrc%5Etfw\">#bicycle<\/a> <a href=\"https:\/\/twitter.com\/hashtag\/puro956?src=hash&amp;ref_src=twsrc%5Etfw\">#puro956<\/a> <a href=\"https:\/\/twitter.com\/hashtag\/FridayVibes?src=hash&amp;ref_src=twsrc%5Etfw\">#FridayVibes<\/a> <a href=\"https:\/\/t.co\/wgeNeKGjRU\">pic.twitter.com\/wgeNeKGjRU<\/a><\/p>&mdash; \u00e2\u0153\u008f\u00ef\u00b8\u008fMendo.Graphic$ (@mmendo) <a href=\"https:\/\/twitter.com\/mmendo\/status\/1447644539007737856?ref_src=twsrc%5Etfw\">October 11, 2021<\/a><\/blockquote><script async src=\"https:\/\/platform.twitter.com\/widgets.js\" charset=\"utf-8\"><\/script><\/p>\n<p><blockquote class=\"twitter-tweet\" data-width=\"550\" data-dnt=\"true\"><p lang=\"en\" dir=\"ltr\">Our well-organized and stocked rest stops and our fabulous volunteers always draw crowds! <a href=\"https:\/\/t.co\/kFLTVuy2JZ\">pic.twitter.com\/kFLTVuy2JZ<\/a><\/p>&mdash; Hotter&#39;n Hell 100 (@HotternHell100) <a href=\"https:\/\/twitter.com\/HotternHell100\/status\/1447563338381209602?ref_src=twsrc%5Etfw\">October 11, 2021<\/a><\/blockquote><script async src=\"https:\/\/platform.twitter.com\/widgets.js\" charset=\"utf-8\"><\/script><\/p>\n<hr \/>\n<h1>New Events Added to Texbiker.net Calendar<\/h1>\n<p><blockquote class=\"twitter-tweet\" data-width=\"550\" data-dnt=\"true\"><p lang=\"en\" dir=\"ltr\">New Event Stan&#39;s Tour du Rouge Fundraiser &amp; Ride<br><br>Come join us after the ride for Food, Refreshments, Raffles and much more\u00e2\u20ac\u00a6 or just come to hangout and have some laughs with some awesome people. Contact Stan for more details: stan.lee@bikebarn.com 8\u00e2\u20ac\u00a6 <a href=\"https:\/\/t.co\/7TdCgWKX72\">https:\/\/t.co\/7TdCgWKX72<\/a><\/p>&mdash; Rick Ankrum (@texbiker) <a href=\"https:\/\/twitter.com\/texbiker\/status\/1447662714084593672?ref_src=twsrc%5Etfw\">October 11, 2021<\/a><\/blockquote><script async src=\"https:\/\/platform.twitter.com\/widgets.js\" charset=\"utf-8\"><\/script><\/p>\n<p><blockquote class=\"twitter-tweet\" data-width=\"550\" data-dnt=\"true\"><p lang=\"en\" dir=\"ltr\">New Event Stan&#39;s Tour du Rouge Fundraiser &amp; Ride<br><br>Come join us after the ride for Food, Refreshments, Raffles and much more\u00e2\u20ac\u00a6 or just come to hangout and have some laughs with some awesome people. Contact Stan for more details: stan.lee@bikebarn.com 8\u00e2\u20ac\u00a6 <a href=\"https:\/\/t.co\/rIp6pKzAHg\">https:\/\/t.co\/rIp6pKzAHg<\/a><\/p>&mdash; Rick Ankrum (@texbiker) <a href=\"https:\/\/twitter.com\/texbiker\/status\/1447662708883664896?ref_src=twsrc%5Etfw\">October 11, 2021<\/a><\/blockquote><script async src=\"https:\/\/platform.twitter.com\/widgets.js\" charset=\"utf-8\"><\/script><\/p>\n<p><blockquote class=\"twitter-tweet\" data-width=\"550\" data-dnt=\"true\"><p lang=\"en\" dir=\"ltr\">New Event Rose City XC MTB Race &#8211; Tyler, TX <a href=\"https:\/\/t.co\/Sw8dLbxxbE\">https:\/\/t.co\/Sw8dLbxxbE<\/a><br><br>Race Wave Start Times &amp; Distance:<br><br>    8:00 AM : Juniors 12 and under (1 lap, 2.5 &amp; 3.5 miles)<br>    8:15 AM : Juniors 13-14 and all Cat 3 racers (2 laps, 11 miles)<br>    9:15 AM : Cat 2 r\u00e2\u20ac\u00a6 <a href=\"https:\/\/t.co\/KwkLdem0bd\">https:\/\/t.co\/KwkLdem0bd<\/a><\/p>&mdash; Rick Ankrum (@texbiker) <a href=\"https:\/\/twitter.com\/texbiker\/status\/1447707996398800897?ref_src=twsrc%5Etfw\">October 11, 2021<\/a><\/blockquote><script async src=\"https:\/\/platform.twitter.com\/widgets.js\" charset=\"utf-8\"><\/script><\/p>\n<p><blockquote class=\"twitter-tweet\" data-width=\"550\" data-dnt=\"true\"><p lang=\"en\" dir=\"ltr\">New Event BellVelo Gravel Series &#8211; Bellville, TX <a href=\"https:\/\/t.co\/6lFZOmUL3R\">https:\/\/t.co\/6lFZOmUL3R<\/a><a href=\"https:\/\/t.co\/A3aZGdwsav\">https:\/\/t.co\/A3aZGdwsav<\/a> December 11, 2021 at 08:00AM <a href=\"https:\/\/t.co\/JTdJd8XxbF\">https:\/\/t.co\/JTdJd8XxbF<\/a><\/p>&mdash; Rick Ankrum (@texbiker) <a href=\"https:\/\/twitter.com\/texbiker\/status\/1447707993643028483?ref_src=twsrc%5Etfw\">October 11, 2021<\/a><\/blockquote><script async src=\"https:\/\/platform.twitter.com\/widgets.js\" charset=\"utf-8\"><\/script><\/p>\n<\/div>\n","protected":false},"excerpt":{"rendered":" <a class=\"more-link\" href=\"https:\/\/www.texbiker.net\/blog\/2021\/10\/11\/texas-biking-news-october-11th-2021\/\"><span class=\"more-msg\">Continue reading &rarr;<\/span><\/a>","protected":false},"author":1,"featured_media":0,"comment_status":"open","ping_status":"open","sticky":false,"template":"","format":"standard","meta":{"_jetpack_memberships_contains_paid_content":false,"footnotes":"","jetpack_publicize_message":"","jetpack_publicize_feature_enabled":true,"jetpack_social_post_already_shared":true,"jetpack_social_options":{"image_generator_settings":{"template":"highway","enabled":false},"version":2}},"categories":[14],"tags":[],"class_list":["post-57658","post","type-post","status-publish","format-standard","hentry","category-bicycling-news"],"jetpack_publicize_connections":[],"jetpack_featured_media_url":"","jetpack_shortlink":"https:\/\/wp.me\/p4tok-eZY","jetpack_sharing_enabled":true,"_links":{"self":[{"href":"https:\/\/www.texbiker.net\/blog\/wp-json\/wp\/v2\/posts\/57658","targetHints":{"allow":["GET"]}}],"collection":[{"href":"https:\/\/www.texbiker.net\/blog\/wp-json\/wp\/v2\/posts"}],"about":[{"href":"https:\/\/www.texbiker.net\/blog\/wp-json\/wp\/v2\/types\/post"}],"author":[{"embeddable":true,"href":"https:\/\/www.texbiker.net\/blog\/wp-json\/wp\/v2\/users\/1"}],"replies":[{"embeddable":true,"href":"https:\/\/www.texbiker.net\/blog\/wp-json\/wp\/v2\/comments?post=57658"}],"version-history":[{"count":1,"href":"https:\/\/www.texbiker.net\/blog\/wp-json\/wp\/v2\/posts\/57658\/revisions"}],"predecessor-version":[{"id":57659,"href":"https:\/\/www.texbiker.net\/blog\/wp-json\/wp\/v2\/posts\/57658\/revisions\/57659"}],"wp:attachment":[{"href":"https:\/\/www.texbiker.net\/blog\/wp-json\/wp\/v2\/media?parent=57658"}],"wp:term":[{"taxonomy":"category","embeddable":true,"href":"https:\/\/www.texbiker.net\/blog\/wp-json\/wp\/v2\/categories?post=57658"},{"taxonomy":"post_tag","embeddable":true,"href":"https:\/\/www.texbiker.net\/blog\/wp-json\/wp\/v2\/tags?post=57658"}],"curies":[{"name":"wp","href":"https:\/\/api.w.org\/{rel}","templated":true}]}}